{"id":3790,"date":"2015-01-30T18:52:27","date_gmt":"2015-01-30T17:52:27","guid":{"rendered":"http:\/\/www.antifaschistische-linke.de\/?p=3790"},"modified":"2015-01-31T12:25:53","modified_gmt":"2015-01-31T11:25:53","slug":"anwalt-michael-moos-jahrzentelang-vom-verfassungsschutz-ueberwacht","status":"publish","type":"post","link":"https:\/\/www.antifaschistische-linke.de\/?p=3790","title":{"rendered":"Anwalt Michael Moos jahrzentelang vom Verfassungsschutz \u00fcberwacht!"},"content":{"rendered":"<p><img decoding=\"async\" src=\"http:\/\/www.antifaschistische-linke.de\/Bilder\/rotehilfeklein.jpg\" alt=\"\" align=\"left\" \/><em> Freitag, 30.01.2015<br \/>\n<\/em><strong>Freiburg.<\/strong> Als 2009 bekannt wurde, dass <a title=\"Lisst\" href=\"http:\/\/www.linke-liste-freiburg.de\/\">die Linke Liste Freiburg<\/a> vom Verfassungsschutz als &#8222;lokaler linksextremistischer Zusammenhang&#8220; \u00fcberwacht wird, erklagte sich Michael Moos Einsicht in seine Akte. Heraus kam, dass nicht nur Michael Moos, sondern auch seine Kanzlei mindestens seit 1979 \u00fcberwacht wurden. Gerade die Beh\u00f6rde, die von den Morden des NSU nichts gewusst haben will, obwohl sie so nahe dran war, wie sonst niemand, dokumentierte teilweise minuti\u00f6s Michael Moos\u00b4 beruflichen Alltag. Seit 5 Jahren k\u00e4mpft der Stadtrat um die vollst\u00e4ndige Offenlegung der Akte, denn die meisten der 764 Seiten sind geschw\u00e4rzt. In einem <a title=\"Interview Michael Moos\" href=\"http:\/\/www.badische-zeitung.de\/freiburg\/michael-moos-wurde-jahrzehntelang-vom-verfassungsschutz-beobachtet--99714133.html\">Interview<\/a> \u00e4u\u00dferte sich Moos nun zu dem Fall. Moos sieht in der Bespitzelung eindeutig eine Verletzung der Grundrechte. <em><em>&#8222;Ich bin deshalb der Meinung, dass ein Verfassungsschutz, der sich so pr\u00e4sentiert, keine Daseinsberechtigung hat; er ist selbst eine Gef\u00e4hrdung der Demokratie.<\/em>&#8222;<\/em><\/p>\n","protected":false},"excerpt":{"rendered":"<p>Freitag, 30.01.2015 Freiburg. Als 2009 bekannt wurde, dass die Linke Liste Freiburg vom Verfassungsschutz als &#8222;lokaler linksextremistischer Zusammenhang&#8220; \u00fcberwacht wird, erklagte sich Michael Moos Einsicht in seine Akte. Heraus kam, dass nicht nur Michael Moos, sondern auch seine Kanzlei mindestens seit 1979 \u00fcberwacht wurden. Gerade die Beh\u00f6rde, die von den Morden des NSU nichts gewusst [&hellip;]<\/p>\n","protected":false},"author":1,"featured_media":0,"comment_status":"closed","ping_status":"closed","sticky":false,"template":"","format":"standard","meta":[],"categories":[8,3,317],"tags":[314,572,18,775,772,773,292,774],"_links":{"self":[{"href":"https:\/\/www.antifaschistische-linke.de\/index.php?rest_route=\/wp\/v2\/posts\/3790"}],"collection":[{"href":"https:\/\/www.antifaschistische-linke.de\/index.php?rest_route=\/wp\/v2\/posts"}],"about":[{"href":"https:\/\/www.antifaschistische-linke.de\/index.php?rest_route=\/wp\/v2\/types\/post"}],"author":[{"embeddable":true,"href":"https:\/\/www.antifaschistische-linke.de\/index.php?rest_route=\/wp\/v2\/users\/1"}],"replies":[{"embeddable":true,"href":"https:\/\/www.antifaschistische-linke.de\/index.php?rest_route=%2Fwp%2Fv2%2Fcomments&post=3790"}],"version-history":[{"count":0,"href":"https:\/\/www.antifaschistische-linke.de\/index.php?rest_route=\/wp\/v2\/posts\/3790\/revisions"}],"wp:attachment":[{"href":"https:\/\/www.antifaschistische-linke.de\/index.php?rest_route=%2Fwp%2Fv2%2Fmedia&parent=3790"}],"wp:term":[{"taxonomy":"category","embeddable":true,"href":"https:\/\/www.antifaschistische-linke.de\/index.php?rest_route=%2Fwp%2Fv2%2Fcategories&post=3790"},{"taxonomy":"post_tag","embeddable":true,"href":"https:\/\/www.antifaschistische-linke.de\/index.php?rest_route=%2Fwp%2Fv2%2Ftags&post=3790"}],"curies":[{"name":"wp","href":"https:\/\/api.w.org\/{rel}","templated":true}]}}