{"id":3861,"date":"2015-02-18T15:30:29","date_gmt":"2015-02-18T14:30:29","guid":{"rendered":"http:\/\/www.antifaschistische-linke.de\/?p=3861"},"modified":"2015-02-18T15:32:21","modified_gmt":"2015-02-18T14:32:21","slug":"fuer-frieden-in-der-ukraine","status":"publish","type":"post","link":"https:\/\/www.antifaschistische-linke.de\/?p=3861","title":{"rendered":"F\u00fcr Frieden in der Ukraine"},"content":{"rendered":"<p><img decoding=\"async\" src=\"http:\/\/www.antifaschistische-linke.de\/Bilder\/kbh.png\" alt=\"\" align=\"left\" \/><em>Mittwoch, 18.02.2015<\/em><br \/>\n<strong>Freiburg im Breisgau. <\/strong>Das <a href=\"http:\/\/www.fffr.de\/\">Freibuger Friedensforum<\/a> trat am gestigen Dienstag mit einem Aufruf an die \u00d6ffentlichkeit und fordert darin u.a. &#8222;[k]eine weitere Ausdehnung der NATO nach Osten&#8220;. Au\u00dferdem ruft das Friedensforum zu Aktionen auf: Am 27. Februar &#8222;wird ab 16 Uhr eine Mahnwache des Friedensforums am Bertoldsbrunnen stattfinden. Dort wollen wir mit m\u00f6glichst vielen Menschen ins Gespr\u00e4ch kommen, \u00fcber die Osteuropa-Politik der NATO und die Politik Russlands aufkl\u00e4ren und gleichzeitig f\u00fcr die Kundgebung eine Woche sp\u00e4ter auf den 6. M\u00e4rz [um 17 Uhr; ALFR] mobilisieren. Am sogenannten Tag X ,sobald es zu einer erneuten Eskalation des Krieges oder gar zum milit\u00e4rischen Eingreifen von au\u00dfen kommt, werden wir auf die Stra\u00dfe gehen und protestieren. Wenn Krieg zur Gewohnheit wird, ist unser Widerspruch gefordert.&#8220;<\/p>\n","protected":false},"excerpt":{"rendered":"<p>Mittwoch, 18.02.2015 Freiburg im Breisgau. Das Freibuger Friedensforum trat am gestigen Dienstag mit einem Aufruf an die \u00d6ffentlichkeit und fordert darin u.a. &#8222;[k]eine weitere Ausdehnung der NATO nach Osten&#8220;. Au\u00dferdem ruft das Friedensforum zu Aktionen auf: Am 27. Februar &#8222;wird ab 16 Uhr eine Mahnwache des Friedensforums am Bertoldsbrunnen stattfinden. Dort wollen wir mit m\u00f6glichst [&hellip;]<\/p>\n","protected":false},"author":1,"featured_media":0,"comment_status":"closed","ping_status":"closed","sticky":false,"template":"","format":"standard","meta":[],"categories":[10,5,3,6,7],"tags":[13,788,789,609],"_links":{"self":[{"href":"https:\/\/www.antifaschistische-linke.de\/index.php?rest_route=\/wp\/v2\/posts\/3861"}],"collection":[{"href":"https:\/\/www.antifaschistische-linke.de\/index.php?rest_route=\/wp\/v2\/posts"}],"about":[{"href":"https:\/\/www.antifaschistische-linke.de\/index.php?rest_route=\/wp\/v2\/types\/post"}],"author":[{"embeddable":true,"href":"https:\/\/www.antifaschistische-linke.de\/index.php?rest_route=\/wp\/v2\/users\/1"}],"replies":[{"embeddable":true,"href":"https:\/\/www.antifaschistische-linke.de\/index.php?rest_route=%2Fwp%2Fv2%2Fcomments&post=3861"}],"version-history":[{"count":0,"href":"https:\/\/www.antifaschistische-linke.de\/index.php?rest_route=\/wp\/v2\/posts\/3861\/revisions"}],"wp:attachment":[{"href":"https:\/\/www.antifaschistische-linke.de\/index.php?rest_route=%2Fwp%2Fv2%2Fmedia&parent=3861"}],"wp:term":[{"taxonomy":"category","embeddable":true,"href":"https:\/\/www.antifaschistische-linke.de\/index.php?rest_route=%2Fwp%2Fv2%2Fcategories&post=3861"},{"taxonomy":"post_tag","embeddable":true,"href":"https:\/\/www.antifaschistische-linke.de\/index.php?rest_route=%2Fwp%2Fv2%2Ftags&post=3861"}],"curies":[{"name":"wp","href":"https:\/\/api.w.org\/{rel}","templated":true}]}}