{"id":3874,"date":"2015-02-23T14:53:30","date_gmt":"2015-02-23T13:53:30","guid":{"rendered":"http:\/\/www.antifaschistische-linke.de\/?p=3874"},"modified":"2015-02-24T10:11:28","modified_gmt":"2015-02-24T09:11:28","slug":"heraus-zum-internationalen-frauen_kampftag-2015-in-freiburg","status":"publish","type":"post","link":"https:\/\/www.antifaschistische-linke.de\/?p=3874","title":{"rendered":"Heraus zum Internationalen Frauen_kampftag 2015 in Freiburg!"},"content":{"rendered":"<p><a href=\"http:\/\/www.antifaschistische-linke.de\/wp-content\/uploads\/8.maerzplakat1.jpg\"><img decoding=\"async\" loading=\"lazy\" class=\"alignleft size-thumbnail wp-image-3881\" src=\"http:\/\/www.antifaschistische-linke.de\/wp-content\/uploads\/8.maerzplakat1-128x180.jpg\" alt=\"8.maerzplakat\" width=\"128\" height=\"180\" \/><\/a>Der 8. M\u00e4rz ist seit 1911 das Symbol f\u00fcr den Kampf zur Befreiung der Frau, gegen strukturelle Unterdr\u00fcckung, \u00f6konomische Ausbeutung, sexualisierte Gewalt und patriarchale Rollenbilder. Weltweit k\u00e4mpfen Frauen_ f\u00fcr ihre Rechte und Befreiung. Seien es aktuell die Textilarbeiter_innen in Bangladesh, die Frauen_ in den kurdischen Autonomiegebieten oder auch die Protestbewegungen in Spanien gegen die reaktion\u00e4ren Abtreibungsgesetzgebungen.<\/p>\n<p>Verschiedene Frauen_, feministische Initiativen und linke Gruppen haben sich in Freiburg zusammen gefunden, um diesen Tag zu repolitisieren und zu feiern. Wir wollen unsere Ideen und Forderungen am 8. M\u00e4rz 2015 gemeinsam und vielf\u00e4ltig <a href=\"http:\/\/8maerzfreiburg.blogsport.de\/\">auf die Stra\u00dfe tragen<\/a>.<\/p>\n<p><!--more--><\/p>\n<p><strong>Still Loving Feminism!<br \/>\n<\/strong><br \/>\nWir sind konfrontiert mit dem Versprechen, dass M\u00e4nner und Frauen_ in der BRD gleichberechtigt sind und dieselben Zugangschancen zu Beruf, Bildung und Politik haben. In unserem Lebensalltag m\u00fcssen wir jedoch feststellen, dass es noch immer gravierende Unterschiede gibt. Trotzdem werden die strukturellen Bedingungen und die Machtverh\u00e4ltnisse nicht betrachtet. Feministische Kritik wird heutzutage nach wie vor als trocken, veraltet, und unn\u00f6tig abgetan. F\u00fcr uns ist sie jedoch weiterhin brandaktuell und notwendig. F\u00fcr eine feministische Perspektive!<\/p>\n<p><strong>Fight Sexism, Fight Gender, Be yourself!<br \/>\n<\/strong><br \/>\nIn der Werbung, in Filmen, in Schaufenstern: \u00fcberall wird uns gesagt, wie wir auszusehen haben, und f\u00fcr Frauen_ bezieht sich das vor allem darauf, schlank, sportlich, rasiert und sexy sein zu sollen. Nur wenn diese Anforderungen erf\u00fcllt werden, gelten sie als \u201erichtige Frauen_\u201c und damit als begehrenswert, attraktiv, schlichtweg akzeptiert. In unserer jetzigen Gesellschaft ist kein Platz f\u00fcr \u201ealles, was dazwischen ist\u201c. Trans- und intersexuelle Menschen haben es besonders schwer, weil sie aus beiden Normen (f\u00fcr M\u00e4nner_ und f\u00fcr Frauen_) herausfallen. Der gesellschaftliche Druck ist hoch, diesen Anforderungen und diesem Sch\u00f6nheitswahn Gen\u00fcge zu tun. Deshalb setzen wir uns f\u00fcr eine Gesellschaft ein, in der mehr als nur zwei Geschlechter akzeptiert werden, damit alle Menschen frei leben k\u00f6nnen.<\/p>\n<p><strong>No Means No!<br \/>\n<\/strong><br \/>\nWir leben in einer Gesellschaft, in der sexuelle Bel\u00e4stigung, sexualisierte und h\u00e4usliche Gewalt an Frauen_ eine grausame Normalit\u00e4t darstellen. Nach einer Erhebung der EU hat jede dritte Frau_ seit ihrem 15. Lebensjahr k\u00f6rperliche und\/oder sexualisierte Gewalt erfahren. Den Frauen_ und M\u00e4dchen_ wird hier oft selbst die Verantwortung f\u00fcr den eigenen Schutz zugeschrieben. Sie sollen Selbstverteidigungskurse besuchen und keine aufreizende Kleidung tragen. Wir k\u00e4mpfen f\u00fcr eine Gesellschaft, in der Frauen_ keine Objekte sind.<\/p>\n<p><strong>Who Cares?<br \/>\n<\/strong><br \/>\nViele Frauen_ arbeiten in unsicheren Besch\u00e4ftigungsverh\u00e4ltnissen, im Niedriglohnsektor oder in sogenannten Frauenberufen. Deshalb sind sie auch besonders betroffen von Altersarmut und dem zunehmenden Abbau des Sozialstaates. Das f\u00fchrt dazu, dass sie oftmals noch immer in Abh\u00e4ngigkeit von M\u00e4nnern leben m\u00fcssen. So \u00fcbernehmen Frauen_ in Sozial-, Erziehungs- und Pflegeberufen f\u00fcr Menschen notwendige Aufgaben wie die Versorgung und Erziehung von Kindern oder die Pflege von Alten und Kranken und sie werden gleichzeitig schlecht entlohnt. Wir fordern eine Aufwertung dieser Berufe und ihre Anerkennung als einen wichtigen Grundpfeiler dieser Gesellschaft.<\/p>\n<p>Frauen_ sind heutzutage doppelt belastet, da sie noch immer f\u00fcr die\u00a0 Haus- und Sorgearbeiten zust\u00e4ndig sind und sich gleichzeitig in den Arbeitsmarkt eingliedern. Der Kapitalismus profitiert von der unbezahlten Arbeit\u00a0 die Frauen_ leisten, da sie notwendige Voraussetzung zur Ausbeutung der Arbeitskraft ist. Die private Haus- und Sorgearbeit, die Familien in reicheren L\u00e4ndern nicht machen wollen, wird verst\u00e4rkt von Frauen_ aus \u00e4rmeren L\u00e4ndern \u00fcbernommen, wodurch die ungleiche globale Arbeitsteilung verst\u00e4rkt wird. Wir fordern eine umfassende soziale Absicherung f\u00fcr diese Haushaltsarbeiter_innen und Pflegekr\u00e4fte in den Familien.<\/p>\n<p><strong>Grenzenlose Solidarit\u00e4t!<br \/>\n<\/strong><br \/>\nFrauen_ mit unterschiedlichen Migrationsgeschichten sind sowohl von Sexismus als auch von Rassismus betroffen. Sie werden vielfach durch die rassistische Migrationspolitik der BRD und EU illegalisiert und systematisch in prek\u00e4re Arbeits- und Lebensverh\u00e4ltnisse gedr\u00e4ngt. Selbst wenn Frauen_ es schaffen, einen Aufenthaltsstatus zu erlangen, werden sie durch alltagsrassistische Handlungs- und Denkweisen diskriminiert. Wir fordern offene Grenzen und ein selbstbestimmtes Leben f\u00fcr alle!<\/p>\n<p>Lasst uns gemeinsam k\u00e4mpfen f\u00fcr eine Gesellschaft, in der Menschen jenseits von Ausbeutungs- und Unterdr\u00fcckungsverh\u00e4ltnissen leben k\u00f6nnen. In der Menschen nicht nach \u00f6konomischer Verwertbarkeit eingeteilt werden. In der alle Menschen jenseits von Kategorien wie Geschlecht, Hautfarbe, Herkunft, Gesundheit, Alter und Sexualit\u00e4t frei leben k\u00f6nnen.<\/p>\n<p><strong>Kommt alle zur Demonstration am 7. M\u00e4rz 2015 um 15 Uhr zum Platz der alten Synagoge in Freiburg!<\/strong><\/p>\n<p><a href=\"http:\/\/8maerzfreiburg.blogsport.de\/images\/Deutsch.pdf\">**Druckversion**<\/a><\/p>\n<p><a href=\"http:\/\/www.antifaschistische-linke.de\/wp-content\/uploads\/Flyerfront.jpg\"><img decoding=\"async\" loading=\"lazy\" class=\"alignleft size-thumbnail wp-image-3879\" src=\"http:\/\/www.antifaschistische-linke.de\/wp-content\/uploads\/Flyerfront-180x127.jpg\" alt=\"Flyerfront\" width=\"180\" height=\"127\" \/><\/a><a href=\"http:\/\/www.antifaschistische-linke.de\/wp-content\/uploads\/Flyerback.jpg\"><img decoding=\"async\" loading=\"lazy\" class=\"alignleft size-thumbnail wp-image-3880\" src=\"http:\/\/www.antifaschistische-linke.de\/wp-content\/uploads\/Flyerback-180x124.jpg\" alt=\"Flyerback\" width=\"180\" height=\"124\" \/><\/a><\/p>\n<p>&nbsp;<\/p>\n<div class=\"entry-content\">\n<p>&nbsp;<\/p>\n<p>&nbsp;<\/p>\n<p>&nbsp;<\/p>\n<p>&nbsp;<\/p>\n<p>Den Aufruf unterst\u00fctzen (Stand: 23.02.2015):<\/p>\n<p><a href=\"http:\/\/http:\/\/www.ag-freiburg.org\/cms\/\">Anarchistische Gruppe Freiburg<\/a><br \/>\n<a href=\"http:\/\/www.antifaschistische-linke.de\/\">Antifaschistische Linke Freiburg<\/a><br \/>\n<a href=\"http:\/\/www.liz-freiburg.org\/akm\/\">Arbeitskreis gegen Krieg und Militarisierung (AKM)<\/a><br \/>\n<a href=\"http:\/\/akj-freiburg.de\/\">Arbeitskreis kritischer Jurist*innen Freiburg (akj)<\/a><br \/>\n<a href=\"http:\/\/www.dielinke-freiburg.de\/\">Die LINKE Kreisverband Freiburg<\/a><br \/>\nFeLi \u2013 Feministische Linke Freiburg<br \/>\n<a href=\"http:\/\/fvcourage.de\/\">Frauenverband Courage<\/a><br \/>\n<a href=\"http:\/\/www.fz-freiburg.de\/\">*fz Feministisches Zentrum<\/a><br \/>\nKurdisch Demokratisches Gesellschaftszentrum<br \/>\n<a href=\"http:\/\/linksjugend-solid-bw.de\/freiburg\/\">Linksjugend-Solid-Freiburg-Emmendingen<\/a><br \/>\n<a href=\"http:\/\/realitaetenwerkstatt.noblogs.org\/\">realit\u00e4tenwerkstatt<\/a><br \/>\n<a href=\"http:\/\/www.freiburg.sdaj-netz.de\/\">SDAJ Freiburg<\/a><br \/>\nund Einzelpersonen<\/p>\n<\/div>\n","protected":false},"excerpt":{"rendered":"<p>Der 8. M\u00e4rz ist seit 1911 das Symbol f\u00fcr den Kampf zur Befreiung der Frau, gegen strukturelle Unterdr\u00fcckung, \u00f6konomische Ausbeutung, sexualisierte Gewalt und patriarchale Rollenbilder. Weltweit k\u00e4mpfen Frauen_ f\u00fcr ihre Rechte und Befreiung. Seien es aktuell die Textilarbeiter_innen in Bangladesh, die Frauen_ in den kurdischen Autonomiegebieten oder auch die Protestbewegungen in Spanien gegen die reaktion\u00e4ren [&hellip;]<\/p>\n","protected":false},"author":1,"featured_media":0,"comment_status":"closed","ping_status":"closed","sticky":false,"template":"","format":"standard","meta":[],"categories":[10,790,6,7],"tags":[576,53,101,575,577,13],"_links":{"self":[{"href":"https:\/\/www.antifaschistische-linke.de\/index.php?rest_route=\/wp\/v2\/posts\/3874"}],"collection":[{"href":"https:\/\/www.antifaschistische-linke.de\/index.php?rest_route=\/wp\/v2\/posts"}],"about":[{"href":"https:\/\/www.antifaschistische-linke.de\/index.php?rest_route=\/wp\/v2\/types\/post"}],"author":[{"embeddable":true,"href":"https:\/\/www.antifaschistische-linke.de\/index.php?rest_route=\/wp\/v2\/users\/1"}],"replies":[{"embeddable":true,"href":"https:\/\/www.antifaschistische-linke.de\/index.php?rest_route=%2Fwp%2Fv2%2Fcomments&post=3874"}],"version-history":[{"count":0,"href":"https:\/\/www.antifaschistische-linke.de\/index.php?rest_route=\/wp\/v2\/posts\/3874\/revisions"}],"wp:attachment":[{"href":"https:\/\/www.antifaschistische-linke.de\/index.php?rest_route=%2Fwp%2Fv2%2Fmedia&parent=3874"}],"wp:term":[{"taxonomy":"category","embeddable":true,"href":"https:\/\/www.antifaschistische-linke.de\/index.php?rest_route=%2Fwp%2Fv2%2Fcategories&post=3874"},{"taxonomy":"post_tag","embeddable":true,"href":"https:\/\/www.antifaschistische-linke.de\/index.php?rest_route=%2Fwp%2Fv2%2Ftags&post=3874"}],"curies":[{"name":"wp","href":"https:\/\/api.w.org\/{rel}","templated":true}]}}