{"id":3891,"date":"2015-02-24T10:32:03","date_gmt":"2015-02-24T09:32:03","guid":{"rendered":"http:\/\/www.antifaschistische-linke.de\/?p=3891"},"modified":"2015-02-27T00:26:57","modified_gmt":"2015-02-26T23:26:57","slug":"buendnis-8-maerz-termine","status":"publish","type":"post","link":"https:\/\/www.antifaschistische-linke.de\/?p=3891","title":{"rendered":"B\u00fcndnis 8. M\u00e4rz: Termine"},"content":{"rendered":"<p style=\"text-align: justify;\"><em><img decoding=\"async\" src=\"http:\/\/www.antifaschistische-linke.de\/Bilder\/roterstern.png\" alt=\"rot\" align=\"left\" \/>Dienstag, 24.02.2015<\/em><strong><br \/>\n<\/strong><strong><strong>Freiburg.<\/strong><\/strong> Im Vorlauf zur Demo am 7. M\u00e4rz organisiert das <a href=\"http:\/\/8maerz.tk\/\">B\u00fcndnis 8. M\u00e4rz<\/a> mehrere Veranstaltungen: Unter anderem wird es am Sonntag, 1. M\u00e4rz, um 19h einen feministischen Filmabend im Linken Zentrum geben. Am 5. M\u00e4rz veranstaltet das B\u00fcndnis um 20h einen Vortrag von Gabriele Winker mit dem Titel &#8222;Care Revolution. Schritte in eine solidarischer Gesellschaft&#8220; ebenfalls im Linken Zentrum.\u00a0 Das B\u00fcndnis l\u00e4dt auch alle Frauen_, Trans- und Inter-Menschen zum n\u00e4chsten B\u00fcndnistreffen am <strong>Mittwoch den 25. Februar um 19:30 Uhr im Linken Zentrum <\/strong>ein.<\/p>\n","protected":false},"excerpt":{"rendered":"<p>Dienstag, 24.02.2015 Freiburg. Im Vorlauf zur Demo am 7. M\u00e4rz organisiert das B\u00fcndnis 8. M\u00e4rz mehrere Veranstaltungen: Unter anderem wird es am Sonntag, 1. M\u00e4rz, um 19h einen feministischen Filmabend im Linken Zentrum geben. Am 5. M\u00e4rz veranstaltet das B\u00fcndnis um 20h einen Vortrag von Gabriele Winker mit dem Titel &#8222;Care Revolution. Schritte in eine [&hellip;]<\/p>\n","protected":false},"author":1,"featured_media":0,"comment_status":"closed","ping_status":"closed","sticky":false,"template":"","format":"standard","meta":[],"categories":[3,790,4,7,11],"tags":[],"_links":{"self":[{"href":"https:\/\/www.antifaschistische-linke.de\/index.php?rest_route=\/wp\/v2\/posts\/3891"}],"collection":[{"href":"https:\/\/www.antifaschistische-linke.de\/index.php?rest_route=\/wp\/v2\/posts"}],"about":[{"href":"https:\/\/www.antifaschistische-linke.de\/index.php?rest_route=\/wp\/v2\/types\/post"}],"author":[{"embeddable":true,"href":"https:\/\/www.antifaschistische-linke.de\/index.php?rest_route=\/wp\/v2\/users\/1"}],"replies":[{"embeddable":true,"href":"https:\/\/www.antifaschistische-linke.de\/index.php?rest_route=%2Fwp%2Fv2%2Fcomments&post=3891"}],"version-history":[{"count":0,"href":"https:\/\/www.antifaschistische-linke.de\/index.php?rest_route=\/wp\/v2\/posts\/3891\/revisions"}],"wp:attachment":[{"href":"https:\/\/www.antifaschistische-linke.de\/index.php?rest_route=%2Fwp%2Fv2%2Fmedia&parent=3891"}],"wp:term":[{"taxonomy":"category","embeddable":true,"href":"https:\/\/www.antifaschistische-linke.de\/index.php?rest_route=%2Fwp%2Fv2%2Fcategories&post=3891"},{"taxonomy":"post_tag","embeddable":true,"href":"https:\/\/www.antifaschistische-linke.de\/index.php?rest_route=%2Fwp%2Fv2%2Ftags&post=3891"}],"curies":[{"name":"wp","href":"https:\/\/api.w.org\/{rel}","templated":true}]}}