{"id":39,"date":"2009-06-05T21:09:01","date_gmt":"2009-06-05T19:09:01","guid":{"rendered":"http:\/\/alfr.blogsport.de\/2009\/09\/08\/solidaritaet-mit-den-besetzern-der-freien-antonia\/"},"modified":"2009-06-05T21:09:01","modified_gmt":"2009-06-05T19:09:01","slug":"solidaritaet-mit-den-besetzern-der-freien-antonia","status":"publish","type":"post","link":"https:\/\/www.antifaschistische-linke.de\/?p=39","title":{"rendered":"Solidarit\u00e4t mit den Besetzern der \u201eFreien Antonia\u201c"},"content":{"rendered":"<p><img decoding=\"async\" src=\"http:\/\/www.antifaschistische-linke.de\/Bilder\/squat.jpg\" align=\"left\" alt=\"Hausbesetzer sind im Recht!\" \/>Am Freitag, den 15. Mai 2009 hatten einige dutzend Menschen das seit zwei Jahren leerstehende Haus in der Kirchstrasse 16 in unserer Stadt <a href=\"http:\/\/freieantonia.blogsport.de\/\">besetzt<\/a>. Dies war ihre Antwort auf die Wohnungspolitik der Stadt, in der es deutschlandweit die h\u00f6chsten Mieten im Verh\u00e4ltnis zum Einkommen der B\u00fcrger gibt. Nach nur vier Tagen lie\u00df der Eigent\u00fcmer das Haus durch Polizei r\u00e4umen. Der Staat demonstrierte seine Kernaufgabe im Kapitalismus: den Schutz des Eigentums; 45 Menschen, die sich in dem Haus befunden haben, m\u00fcssen jetzt mit Anzeigen wegen Hausfriedensbruch rechnen.<!--more--><\/p>\n<p>Wir fordern die Einstellung der Verfahren gegen die Hausbesetzer. Wir fordern au\u00dferdem eine Senkung der Mieten von privatem und \u00f6ffentlichem Wohnraum. Leerstehender Wohnraum geh\u00f6rt sozialisiert und so seinem eigentlichen Zweck zugef\u00fchrt. Die Hausbesetzer sind im Recht.<\/p>\n<p><strong>Solidarit\u00e4t mit den Hausbesetzern!<br \/>\nMieten runter!<br \/>\nSchafft rote Hilfe!<\/strong><\/p>\n<p><em>Antifaschistische Linke Freiburg im Juni 2009<\/em><\/p>\n","protected":false},"excerpt":{"rendered":"<p>Am Freitag, den 15. Mai 2009 hatten einige dutzend Menschen das seit zwei Jahren leerstehende Haus in der Kirchstrasse 16 in unserer Stadt besetzt. Dies war ihre Antwort auf die Wohnungspolitik der Stadt, in der es deutschlandweit die h\u00f6chsten Mieten im Verh\u00e4ltnis zum Einkommen der B\u00fcrger gibt. Nach nur vier Tagen lie\u00df der Eigent\u00fcmer das [&hellip;]<\/p>\n","protected":false},"author":1,"featured_media":0,"comment_status":"closed","ping_status":"closed","sticky":false,"template":"","format":"standard","meta":[],"categories":[1],"tags":[],"_links":{"self":[{"href":"https:\/\/www.antifaschistische-linke.de\/index.php?rest_route=\/wp\/v2\/posts\/39"}],"collection":[{"href":"https:\/\/www.antifaschistische-linke.de\/index.php?rest_route=\/wp\/v2\/posts"}],"about":[{"href":"https:\/\/www.antifaschistische-linke.de\/index.php?rest_route=\/wp\/v2\/types\/post"}],"author":[{"embeddable":true,"href":"https:\/\/www.antifaschistische-linke.de\/index.php?rest_route=\/wp\/v2\/users\/1"}],"replies":[{"embeddable":true,"href":"https:\/\/www.antifaschistische-linke.de\/index.php?rest_route=%2Fwp%2Fv2%2Fcomments&post=39"}],"version-history":[{"count":0,"href":"https:\/\/www.antifaschistische-linke.de\/index.php?rest_route=\/wp\/v2\/posts\/39\/revisions"}],"wp:attachment":[{"href":"https:\/\/www.antifaschistische-linke.de\/index.php?rest_route=%2Fwp%2Fv2%2Fmedia&parent=39"}],"wp:term":[{"taxonomy":"category","embeddable":true,"href":"https:\/\/www.antifaschistische-linke.de\/index.php?rest_route=%2Fwp%2Fv2%2Fcategories&post=39"},{"taxonomy":"post_tag","embeddable":true,"href":"https:\/\/www.antifaschistische-linke.de\/index.php?rest_route=%2Fwp%2Fv2%2Ftags&post=39"}],"curies":[{"name":"wp","href":"https:\/\/api.w.org\/{rel}","templated":true}]}}