{"id":3902,"date":"2015-02-25T15:15:04","date_gmt":"2015-02-25T14:15:04","guid":{"rendered":"http:\/\/www.antifaschistische-linke.de\/?p=3902"},"modified":"2015-02-25T15:18:06","modified_gmt":"2015-02-25T14:18:06","slug":"2-maerz-gegenaktionen-gegen-sbh-gida-in-villingen","status":"publish","type":"post","link":"https:\/\/www.antifaschistische-linke.de\/?p=3902","title":{"rendered":"2. M\u00e4rz: Gegenaktionen gegen SBH-Gida in Villingen"},"content":{"rendered":"<p><img decoding=\"async\" class=\"usercontent\" src=\"http:\/\/www.antifaschistische-linke.de\/Bilder\/afalogoklein.png\" alt=\"Nie wieder Faschismus!\" align=\"left\" \/><em>Mittwoch, 25.02.2015<\/em><br \/>\n<strong>Villingen-Schwenningen.<\/strong> Die Rassisten von SBH-Gida haben angek\u00fcndigt, nach dem 12. und dem 26. Januar 2015 am Montag, 2. M\u00e4rz 2015 erneut in Villingen aufmarschieren zu wollen. Dagegen <a href=\"http:\/\/antifavs.noblogs.org\/2-maerz-faschisten-wollen-erneut-als-pegida-aufmarschieren\/\">mobilisiert<\/a> die <a href=\"http:\/\/antifavs.noblogs.org\/\">Antifaschistische Aktion [O] Villingen-Schwenningen<\/a> unter dem Motto &#8222;Pegida stoppen \u2013 der rechten Hetze entgegentreten! F\u00fcr eine solidarische Gesellschaft!&#8220; um 18 Uhr zu Gegenaktionen auf dem M\u00fcnsterplatz in Villingen. Au\u00dferdem hat sie eine <a href=\"http:\/\/antifavs.noblogs.org\/der-rechten-hetze-entgegentreten\/\">inhaltliche Auseinandersetzung<\/a> mit Pegida\/ SBH-Gida und Informationen \u00fcber die <a href=\"http:\/\/antifavs.noblogs.org\/sbh-gida-npd-freie-kameradschaften-und-gewoehnliche-rassisten\/\">Personen und Hintergr\u00fcnde von SBH-Gida<\/a> ver\u00f6ffentlicht. Diese belegen eindeutig, dass den Kern von SBH-Gida militante Faschisten aus <a href=\"http:\/\/npd-blog.info\/\">NPD<\/a> und <a href=\"Freie%20Kameradschaften\">Freien Kameradschaften<\/a> stellen.<\/p>\n","protected":false},"excerpt":{"rendered":"<p>Mittwoch, 25.02.2015 Villingen-Schwenningen. Die Rassisten von SBH-Gida haben angek\u00fcndigt, nach dem 12. und dem 26. Januar 2015 am Montag, 2. M\u00e4rz 2015 erneut in Villingen aufmarschieren zu wollen. Dagegen mobilisiert die Antifaschistische Aktion [O] Villingen-Schwenningen unter dem Motto &#8222;Pegida stoppen \u2013 der rechten Hetze entgegentreten! F\u00fcr eine solidarische Gesellschaft!&#8220; um 18 Uhr zu Gegenaktionen auf [&hellip;]<\/p>\n","protected":false},"author":1,"featured_media":0,"comment_status":"closed","ping_status":"closed","sticky":false,"template":"","format":"standard","meta":[],"categories":[10,1,3,7],"tags":[879,795,53,79,794,793,679],"_links":{"self":[{"href":"https:\/\/www.antifaschistische-linke.de\/index.php?rest_route=\/wp\/v2\/posts\/3902"}],"collection":[{"href":"https:\/\/www.antifaschistische-linke.de\/index.php?rest_route=\/wp\/v2\/posts"}],"about":[{"href":"https:\/\/www.antifaschistische-linke.de\/index.php?rest_route=\/wp\/v2\/types\/post"}],"author":[{"embeddable":true,"href":"https:\/\/www.antifaschistische-linke.de\/index.php?rest_route=\/wp\/v2\/users\/1"}],"replies":[{"embeddable":true,"href":"https:\/\/www.antifaschistische-linke.de\/index.php?rest_route=%2Fwp%2Fv2%2Fcomments&post=3902"}],"version-history":[{"count":0,"href":"https:\/\/www.antifaschistische-linke.de\/index.php?rest_route=\/wp\/v2\/posts\/3902\/revisions"}],"wp:attachment":[{"href":"https:\/\/www.antifaschistische-linke.de\/index.php?rest_route=%2Fwp%2Fv2%2Fmedia&parent=3902"}],"wp:term":[{"taxonomy":"category","embeddable":true,"href":"https:\/\/www.antifaschistische-linke.de\/index.php?rest_route=%2Fwp%2Fv2%2Fcategories&post=3902"},{"taxonomy":"post_tag","embeddable":true,"href":"https:\/\/www.antifaschistische-linke.de\/index.php?rest_route=%2Fwp%2Fv2%2Ftags&post=3902"}],"curies":[{"name":"wp","href":"https:\/\/api.w.org\/{rel}","templated":true}]}}