{"id":3993,"date":"2015-03-25T12:33:15","date_gmt":"2015-03-25T11:33:15","guid":{"rendered":"http:\/\/www.antifaschistische-linke.de\/?p=3993"},"modified":"2015-03-25T12:33:41","modified_gmt":"2015-03-25T11:33:41","slug":"proteste-gegen-sbh-gida-und-pegida-dreilaendereck-am-29-3-in-schwenningen","status":"publish","type":"post","link":"https:\/\/www.antifaschistische-linke.de\/?p=3993","title":{"rendered":"Proteste gegen &#8222;SBH-Gida&#8220; und &#8222;Pegida-Dreil\u00e4ndereck&#8220; am 29.3 in Schwenningen"},"content":{"rendered":"<p><img decoding=\"async\" src=\"http:\/\/www.antifaschistische-linke.de\/Bilder\/afalogoklein.png\" alt=\"antifaklein\" align=\"left\" \/><em>Mittwoch, 25.03.2015.<\/em><br \/>\n<strong>Villingen-Schwenningen. <\/strong> Schon vier mal sind die Nazis und Rassisten von \u201eSBH-Gida\u201c und \u201ePegida-Dreil\u00e4ndereck\u201c in Villingen aufmarschiert. Immer gab es vielf\u00e4ltige Gegenproteste.<br \/>\nNun k\u00fcndigt &#8222;SBH-Gida&#8220; an am Sonntag, den 29.M\u00e4rz, in Schwenningen aufmarschieren zu wollen. Das Offene Antifaschistische Treffen Villingen-Schwenningen und die Antifaschistische Aktion [O] Villingen-Schwenningen mobilisieren am Sonntag zu Gegenaktionen. Treffpunkt hierf\u00fcr ist 13:30 auf dem Muslenplatz in Schwenningen. Eine inhalt\u00adli\u00adche Aus\u00adein\u00adan\u00adder\u00adset\u00adzung mit Pegida\/SBH-Gida und Infor\u00adma\u00adtio\u00adnen \u00fcber die Per\u00adso\u00adnen und Hin\u00adter\u00adgr\u00fcnde von SBH-Gida findet ihr <a href=\"http:\/\/antifavs.noblogs.org\/der-rechten-hetze-entgegentreten\/\">hier<\/a> und<a href=\"http:\/\/antifavs.noblogs.org\/sbh-gida-npd-freie-kameradschaften-und-gewoehnliche-rassisten\/\"> hier<\/a>. Es wird eindeutig belegt, dass den Kern von SBH-Gida mili\u00adtante Faschis\u00adten aus NPD und Freien Kame\u00adrad\u00adschaf\u00adten stellen.<\/p>\n","protected":false},"excerpt":{"rendered":"<p>Mittwoch, 25.03.2015. Villingen-Schwenningen. Schon vier mal sind die Nazis und Rassisten von \u201eSBH-Gida\u201c und \u201ePegida-Dreil\u00e4ndereck\u201c in Villingen aufmarschiert. Immer gab es vielf\u00e4ltige Gegenproteste. Nun k\u00fcndigt &#8222;SBH-Gida&#8220; an am Sonntag, den 29.M\u00e4rz, in Schwenningen aufmarschieren zu wollen. Das Offene Antifaschistische Treffen Villingen-Schwenningen und die Antifaschistische Aktion [O] Villingen-Schwenningen mobilisieren am Sonntag zu Gegenaktionen. Treffpunkt hierf\u00fcr ist [&hellip;]<\/p>\n","protected":false},"author":1,"featured_media":0,"comment_status":"closed","ping_status":"closed","sticky":false,"template":"","format":"standard","meta":[],"categories":[10,1,820,3,7],"tags":[879,824,822,823,79,821,794,679],"_links":{"self":[{"href":"https:\/\/www.antifaschistische-linke.de\/index.php?rest_route=\/wp\/v2\/posts\/3993"}],"collection":[{"href":"https:\/\/www.antifaschistische-linke.de\/index.php?rest_route=\/wp\/v2\/posts"}],"about":[{"href":"https:\/\/www.antifaschistische-linke.de\/index.php?rest_route=\/wp\/v2\/types\/post"}],"author":[{"embeddable":true,"href":"https:\/\/www.antifaschistische-linke.de\/index.php?rest_route=\/wp\/v2\/users\/1"}],"replies":[{"embeddable":true,"href":"https:\/\/www.antifaschistische-linke.de\/index.php?rest_route=%2Fwp%2Fv2%2Fcomments&post=3993"}],"version-history":[{"count":0,"href":"https:\/\/www.antifaschistische-linke.de\/index.php?rest_route=\/wp\/v2\/posts\/3993\/revisions"}],"wp:attachment":[{"href":"https:\/\/www.antifaschistische-linke.de\/index.php?rest_route=%2Fwp%2Fv2%2Fmedia&parent=3993"}],"wp:term":[{"taxonomy":"category","embeddable":true,"href":"https:\/\/www.antifaschistische-linke.de\/index.php?rest_route=%2Fwp%2Fv2%2Fcategories&post=3993"},{"taxonomy":"post_tag","embeddable":true,"href":"https:\/\/www.antifaschistische-linke.de\/index.php?rest_route=%2Fwp%2Fv2%2Ftags&post=3993"}],"curies":[{"name":"wp","href":"https:\/\/api.w.org\/{rel}","templated":true}]}}