{"id":40,"date":"2009-03-19T22:13:49","date_gmt":"2009-03-19T20:13:49","guid":{"rendered":"http:\/\/alfr.blogsport.de\/2009\/03\/19\/antifaschistische-linke-freiburg-alfr-gegruendet\/"},"modified":"2009-03-19T22:13:49","modified_gmt":"2009-03-19T20:13:49","slug":"antifaschistische-linke-freiburg-alfr-gegruendet","status":"publish","type":"post","link":"https:\/\/www.antifaschistische-linke.de\/?p=40","title":{"rendered":"Antifaschistische Linke Freiburg (ALFR) gegr\u00fcndet"},"content":{"rendered":"<p><img decoding=\"async\" src=\"http:\/\/www.antifaschistische-linke.de\/Bilder\/afalogogross.png\" align=\"left\" alt=\"Antifaschistische Aktion\" \/>Liebe Freundinnen und Freunde,<br \/>\nliebe Kolleginnen und Kollegen,<br \/>\nliebe Genossinnen und Genossen!<\/p>\n<p>In unserer Stadt hat sich nach einem l\u00e4ngeren Prozess eine neue politische Organisation gebildet, die den Namen Antifaschistische Linke Freiburg (ALFR) tr\u00e4gt. Diesen Schritt sind wir gegangen, weil wir trotz mehrj\u00e4hriger, durchaus erfolgreicher antifaschistischer Arbeit zu dem Punkt gekommen sind, dass eine gemeinsame Gegnerschaft gegen\u00fcber Nazis nicht hinlangt, eine antifaschistische Gruppe zusammenzuhalten. Es bedarf vielmehr der \u00dcbereinstimmung in grundlegenden politischen Fragen, um den antifaschistischen Kampf auch dauerhaft erfolgreich und mit einer politischen Perspektive zu f\u00fchren.<!--more--><\/p>\n<p>Mit der Antifaschistischen Linken Freiburg wollen wir endlich am Aufbau einer linken antifaschistischen Bewegung in Freiburg im Breisgau und der Region arbeiten. Der antifaschistische Kampf soll dabei eingebettet werden in die weiteren Zusammenh\u00e4nge der politischen Linken und fortschrittlichen gesellschaftlichen Kr\u00e4fte. Wir ordnen uns politisch in der Tradition von Sozialismus und Arbeiterbewegung ein. Dabei verleugnen wir nicht, dass viele unserer Wurzeln in der autonomen Antifa-Bewegung zu finden sind.<\/p>\n<p>Wir freuen uns, in Zukunft mit euch gemeinsam die gesellschaftlichen Verh\u00e4ltnisse theoretisch und praktisch zum Tanzen zu bringen. Am 1. Mai wird unsere Gruppe mit einem Infostand auf dem St\u00fchlinger Kirchplatz vertreten sein und f\u00fcr Gespr\u00e4che zur Verf\u00fcgung stehen. Au\u00dferdem sind wir im Internet unter der Adresse www.antifaschistische-linke.de vertreten und per Email erreichbar. Auf unserer Homepage kann bei Bedarf unser PGP-Schl\u00fcssel heruntergeladen werden. Z\u00f6gert nicht, uns zu kontaktieren!<\/p>\n<p><em>Antifaschistische Linke Freiburg im M\u00e4rz 2009<\/em><\/p>\n","protected":false},"excerpt":{"rendered":"<p>Liebe Freundinnen und Freunde, liebe Kolleginnen und Kollegen, liebe Genossinnen und Genossen! In unserer Stadt hat sich nach einem l\u00e4ngeren Prozess eine neue politische Organisation gebildet, die den Namen Antifaschistische Linke Freiburg (ALFR) tr\u00e4gt. Diesen Schritt sind wir gegangen, weil wir trotz mehrj\u00e4hriger, durchaus erfolgreicher antifaschistischer Arbeit zu dem Punkt gekommen sind, dass eine gemeinsame [&hellip;]<\/p>\n","protected":false},"author":1,"featured_media":0,"comment_status":"closed","ping_status":"closed","sticky":false,"template":"","format":"standard","meta":[],"categories":[1],"tags":[],"_links":{"self":[{"href":"https:\/\/www.antifaschistische-linke.de\/index.php?rest_route=\/wp\/v2\/posts\/40"}],"collection":[{"href":"https:\/\/www.antifaschistische-linke.de\/index.php?rest_route=\/wp\/v2\/posts"}],"about":[{"href":"https:\/\/www.antifaschistische-linke.de\/index.php?rest_route=\/wp\/v2\/types\/post"}],"author":[{"embeddable":true,"href":"https:\/\/www.antifaschistische-linke.de\/index.php?rest_route=\/wp\/v2\/users\/1"}],"replies":[{"embeddable":true,"href":"https:\/\/www.antifaschistische-linke.de\/index.php?rest_route=%2Fwp%2Fv2%2Fcomments&post=40"}],"version-history":[{"count":0,"href":"https:\/\/www.antifaschistische-linke.de\/index.php?rest_route=\/wp\/v2\/posts\/40\/revisions"}],"wp:attachment":[{"href":"https:\/\/www.antifaschistische-linke.de\/index.php?rest_route=%2Fwp%2Fv2%2Fmedia&parent=40"}],"wp:term":[{"taxonomy":"category","embeddable":true,"href":"https:\/\/www.antifaschistische-linke.de\/index.php?rest_route=%2Fwp%2Fv2%2Fcategories&post=40"},{"taxonomy":"post_tag","embeddable":true,"href":"https:\/\/www.antifaschistische-linke.de\/index.php?rest_route=%2Fwp%2Fv2%2Ftags&post=40"}],"curies":[{"name":"wp","href":"https:\/\/api.w.org\/{rel}","templated":true}]}}