{"id":4025,"date":"2015-04-08T01:07:47","date_gmt":"2015-04-07T23:07:47","guid":{"rendered":"http:\/\/www.antifaschistische-linke.de\/?p=4025"},"modified":"2015-04-08T01:07:47","modified_gmt":"2015-04-07T23:07:47","slug":"schon-am-freitag-soll-ab-17-uhr-der-marsch-fuer-das-leben-der-erzreaktionaeren-pius-brueder-in-freiburg-stattfinden-kommt-um-17-uhr-in-die-humboldstrasse","status":"publish","type":"post","link":"https:\/\/www.antifaschistische-linke.de\/?p=4025","title":{"rendered":"Schon am Freitag soll ab 17 Uhr der &#8222;Marsch f\u00fcr das Leben&#8220; der erzreaktion\u00e4ren Pius-Br\u00fcder in Freiburg stattfinden. Kommt um 17 Uhr in die Humboldstra\u00dfe"},"content":{"rendered":"<p><img decoding=\"async\" loading=\"lazy\" class=\"\" src=\"http:\/\/www.antifaschistische-linke.de\/Bilder\/afalogoklein.png\" alt=\"antifaklein\" width=\"54\" height=\"54\" align=\"left\" \/><em>Mittwoch, 08.04.2015.<\/em><br \/>\n<strong>Freiburg.<\/strong> Save the Date! Schon am kommenden Freitag, den 10.April, wollen die erzreaktion\u00e4ren Pius-Br\u00fcder ihren allj\u00e4hrlichen &#8222;Marsch f\u00fcr das Leben&#8220; [<a href=\"http:\/\/www.antifaschistische-linke.de\/?p=376\">2010<\/a> \/ <a href=\"http:\/\/www.antifaschistische-linke.de\/?p=1498\">2013<\/a> \/ <a href=\"http:\/\/www.antifaschistische-linke.de\/?p=3271\">2014<\/a>] durchf\u00fchren. Das <a href=\"http:\/\/www.liz-freiburg.org\/oat-2\/\">Offene Antifaschistische Treffen Freiburg &amp; Region [OAT] <\/a>und die Feministische Linke Freiburg (FeLi) <a href=\"http:\/\/de.indymedia.org\/taxonomy\/term\/429\">rufen zu Protesten auf<\/a>. Kommt um 17 Uhr an die Humboldtstra\u00dfe beim Martinstor.<\/p>\n","protected":false},"excerpt":{"rendered":"<p>Mittwoch, 08.04.2015. Freiburg. Save the Date! Schon am kommenden Freitag, den 10.April, wollen die erzreaktion\u00e4ren Pius-Br\u00fcder ihren allj\u00e4hrlichen &#8222;Marsch f\u00fcr das Leben&#8220; [2010 \/ 2013 \/ 2014] durchf\u00fchren. Das Offene Antifaschistische Treffen Freiburg &amp; Region [OAT] und die Feministische Linke Freiburg (FeLi) rufen zu Protesten auf. Kommt um 17 Uhr an die Humboldtstra\u00dfe beim Martinstor.<\/p>\n","protected":false},"author":1,"featured_media":0,"comment_status":"closed","ping_status":"closed","sticky":false,"template":"","format":"standard","meta":[],"categories":[1,3,790,6,4],"tags":[],"_links":{"self":[{"href":"https:\/\/www.antifaschistische-linke.de\/index.php?rest_route=\/wp\/v2\/posts\/4025"}],"collection":[{"href":"https:\/\/www.antifaschistische-linke.de\/index.php?rest_route=\/wp\/v2\/posts"}],"about":[{"href":"https:\/\/www.antifaschistische-linke.de\/index.php?rest_route=\/wp\/v2\/types\/post"}],"author":[{"embeddable":true,"href":"https:\/\/www.antifaschistische-linke.de\/index.php?rest_route=\/wp\/v2\/users\/1"}],"replies":[{"embeddable":true,"href":"https:\/\/www.antifaschistische-linke.de\/index.php?rest_route=%2Fwp%2Fv2%2Fcomments&post=4025"}],"version-history":[{"count":0,"href":"https:\/\/www.antifaschistische-linke.de\/index.php?rest_route=\/wp\/v2\/posts\/4025\/revisions"}],"wp:attachment":[{"href":"https:\/\/www.antifaschistische-linke.de\/index.php?rest_route=%2Fwp%2Fv2%2Fmedia&parent=4025"}],"wp:term":[{"taxonomy":"category","embeddable":true,"href":"https:\/\/www.antifaschistische-linke.de\/index.php?rest_route=%2Fwp%2Fv2%2Fcategories&post=4025"},{"taxonomy":"post_tag","embeddable":true,"href":"https:\/\/www.antifaschistische-linke.de\/index.php?rest_route=%2Fwp%2Fv2%2Ftags&post=4025"}],"curies":[{"name":"wp","href":"https:\/\/api.w.org\/{rel}","templated":true}]}}