{"id":4037,"date":"2015-04-09T18:18:37","date_gmt":"2015-04-09T16:18:37","guid":{"rendered":"http:\/\/www.antifaschistische-linke.de\/?p=4037"},"modified":"2015-04-09T18:23:04","modified_gmt":"2015-04-09T16:23:04","slug":"8-mai-2015-70-jahre-tag-der-befreiung","status":"publish","type":"post","link":"https:\/\/www.antifaschistische-linke.de\/?p=4037","title":{"rendered":"8.Mai 2015 &#8211; 70 Jahre Tag der Befreiung"},"content":{"rendered":"<p><a href=\"http:\/\/www.antifaschistische-linke.de\/wp-content\/uploads\/H-H.jpeg\"><img decoding=\"async\" loading=\"lazy\" class=\"alignleft  wp-image-4038\" src=\"http:\/\/www.antifaschistische-linke.de\/wp-content\/uploads\/H-H.jpeg\" alt=\"H H\" width=\"541\" height=\"115\" \/><\/a><\/p>\n<p><em>In diesem Jahr j\u00e4hrt sich die Befreiung vom deutschen Faschismus zum 70. Mal. Aus diesem Grund hat sich in Freiburg das \u201e8. Mai B\u00fcndnis Freiburg\u201c gegr\u00fcndet. Hier der <a href=\"http:\/\/8maifreiburg.blogsport.de\/aufruf\/\">Aufruf<\/a> des <a href=\"http:\/\/8maifreiburg.blogsport.de\/\">B\u00fcndnisses<\/a>:<\/em><\/p>\n<p><strong>8. Mai 2015 \u2013 70 Jahre Tag der Befreiung<br \/>\n<\/strong>Am 8. Mai 1945 wurde ganz Europa von der Gei\u00dfel des Faschismus befreit. Die bedingungslose Kapitulation der Deutschen Wehrmacht markierte das Ende von Nazi-Terror, Holocaust und Vernichtungskrieg. Mehr als 55 Millionen Menschen waren dem deutschen Griff nach der Weltmacht zum Opfer gefallen. Sowjetische Zivilbev\u00f6lkerung, Juden, Sinti und Roma, Homosexuelle, Menschen mit Behinderung, politische Gegner und andere wurden auch unabh\u00e4ngig und fernab der eigentlichen Kriegshandlungen massenhaft ermordet worden. In Deutschland erlebten in erster Linie die \u00fcberlebenden Verfolgten und Widerstandsk\u00e4mpfer diesen Tag als Befreiung. Aber auch wir alle, die wir heute leben, verdanken die Grundlagen unseres Lebens in Frieden den Siegern des 8. Mai. Die alliierten Streitkr\u00e4fte, insbesondere die Rote Armee, die den L\u00f6wenanteil der K\u00e4mpfe austrug, sind und bleiben auch unsere Befreier. Mit besonderer Dankbarkeit erinnern wir dar\u00fcber hinaus an den Beitrag, den der antifaschistische Widerstand in Deutschland, im Exil, als Teil von Partisanenverb\u00e4nden und in den Streitkr\u00e4ften der Anti-Hitler-Koalition geleistet hat. In nahezu allen ehemals von Nazi-Deutschland besetzten L\u00e4ndern wurden der 8. und\/ oder 9. Mai gesetzliche Feiertage. Das war auch in der DDR der Fall. Hingegen hat es 40 Jahre gedauert, bis ein Bundespr\u00e4sident an einem 8. Mai \u00fcberhaupt von Befreiung gesprochen hat. Bis dahin hatte die Sicht der Nazis, der Deutschnationalen, der \u201eFrontk\u00e4mpfer\u201c, der Profiteure und Mitl\u00e4ufer das offizielle Vokabular gepr\u00e4gt: Zusammenbruch, Kapitulation, Besatzer. Wir fordern, dass der 8. Mai als Tag der Befreiung von Faschismus und Krieg endlich auch in Deutschland ein gesetzlicher Feiertag wird.<\/p>\n<p><strong>Was war m\u00f6glich? Was war n\u00f6tig?<br \/>\n<\/strong>Der Sieg \u00fcber den Faschismus bot die M\u00f6glichkeit eines umfassenden Neuanfangs.<!--more--> Die Erkenntnis der Notwendigkeit der \u00dcberwindung des Kapitalismus war nach dem Krieg weit verbreitet. Sozialistische Vorstellungen fanden sich nicht nur auf der Linken und bei den Gewerkschaften, sondern erstreckten sich weit auch in die neu gegr\u00fcndete CDU, wie etwa das Ahlener Programm der nordrhein-westf\u00e4lischen CDU zeigt. Der Kalte Krieg und die Westintegration der Bundesrepublik f\u00fchrten jedoch bald zu einer Restauration des Kapitalismus sowie zur Integration alter Nazi-Eliten in h\u00f6chste Stellungen der Bundesrepublik.<br \/>\nAuch heute haben wir keinen Grund, uns zur\u00fcckzulehnen. Die materiellen Ursachen des Faschismus sind nachwievor nicht aus der Welt geschafft. So verlangt der rasante Aufstieg neofaschistischer und rechtspopulistischer Kr\u00e4fte in nahezu allen europ\u00e4ischen L\u00e4ndern entschiedene Gegenwehr. Zudem sind es seit dem Wiedereintritt Deutschlands in die Reihe der Krieg f\u00fchrenden L\u00e4nder nicht mehr nur Waffen, die von Deutschland in alle m\u00f6glichen L\u00e4nder exportiert werden: Die Bereitschaft, \u201edeutsche Interessen\u201c mit milit\u00e4rischen Mitteln durchzusetzen, ist seit dem NATO-Angriffskrieg auf Jugoslawien im Jahr 1999 gegen den Willen der Mehrheit der Bev\u00f6lkerung wieder politische Praxis geworden. Gerade darum wollen wir den Tag zum Feiertag machen, den die \u00dcberlebenden als \u201eMorgenr\u00f6te der Menschheit\u201c erlebt haben, wie es der als Jude und Kommunist verfolgte R\u00e9sistance-K\u00e4mpfer Peter Gingold ausgedr\u00fcckt hat. Wir wollen am 8. Mai vor allem an die Hoffnung der Befreiten auf eine Welt ohne Kriege, Elend und Unterdr\u00fcckung erinnern und diese als Impuls nehmen, weiter an der Schaffung einer neuen Welt des Friedens und der Freiheit zu arbeiten, so wie es die befreiten H\u00e4ftlinge von Buchenwald geschworen haben. In diesem Sinn wollen wir den 70. Jahrestag unserer Befreiung mit einer Veranstaltungsreihe sowie einer Kundgebung im Freiburger Stadtgarten begehen, dort wo die Sozialistin Rosa Luxemburg am 7. M\u00e4rz 1914 mit einem beeindruckenden Auftritt vor 4000 Menschen in eindringlichen Worten vor dem heraufziehenden Weltkrieg warnte. Diesen Ort haben wir gerade deshalb gew\u00e4hlt, weil an der Stelle bis heute keine Tafel an diesen denkw\u00fcrdigen Tag der Freiburger Stadtgeschichte erinnert.<\/p>\n<p>Wir sind besonders stolz darauf, f\u00fcr die Veranstaltungsreihe mit Theodor Bergmann und Lorenz Knorr auch Beteiligte des antifaschistischen Widerstands in unserer Stadt begr\u00fc\u00dfen zu d\u00fcrfen.<\/p>\n<p><strong>Nie wieder Faschismus \u2013 nie wieder Krieg!<\/strong><\/p>\n","protected":false},"excerpt":{"rendered":"<p>In diesem Jahr j\u00e4hrt sich die Befreiung vom deutschen Faschismus zum 70. Mal. Aus diesem Grund hat sich in Freiburg das \u201e8. Mai B\u00fcndnis Freiburg\u201c gegr\u00fcndet. Hier der Aufruf des B\u00fcndnisses: 8. Mai 2015 \u2013 70 Jahre Tag der Befreiung Am 8. Mai 1945 wurde ganz Europa von der Gei\u00dfel des Faschismus befreit. Die bedingungslose [&hellip;]<\/p>\n","protected":false},"author":1,"featured_media":0,"comment_status":"closed","ping_status":"closed","sticky":false,"template":"","format":"standard","meta":[],"categories":[1,6,7,11],"tags":[212,664,879,829,830,206,645],"_links":{"self":[{"href":"https:\/\/www.antifaschistische-linke.de\/index.php?rest_route=\/wp\/v2\/posts\/4037"}],"collection":[{"href":"https:\/\/www.antifaschistische-linke.de\/index.php?rest_route=\/wp\/v2\/posts"}],"about":[{"href":"https:\/\/www.antifaschistische-linke.de\/index.php?rest_route=\/wp\/v2\/types\/post"}],"author":[{"embeddable":true,"href":"https:\/\/www.antifaschistische-linke.de\/index.php?rest_route=\/wp\/v2\/users\/1"}],"replies":[{"embeddable":true,"href":"https:\/\/www.antifaschistische-linke.de\/index.php?rest_route=%2Fwp%2Fv2%2Fcomments&post=4037"}],"version-history":[{"count":0,"href":"https:\/\/www.antifaschistische-linke.de\/index.php?rest_route=\/wp\/v2\/posts\/4037\/revisions"}],"wp:attachment":[{"href":"https:\/\/www.antifaschistische-linke.de\/index.php?rest_route=%2Fwp%2Fv2%2Fmedia&parent=4037"}],"wp:term":[{"taxonomy":"category","embeddable":true,"href":"https:\/\/www.antifaschistische-linke.de\/index.php?rest_route=%2Fwp%2Fv2%2Fcategories&post=4037"},{"taxonomy":"post_tag","embeddable":true,"href":"https:\/\/www.antifaschistische-linke.de\/index.php?rest_route=%2Fwp%2Fv2%2Ftags&post=4037"}],"curies":[{"name":"wp","href":"https:\/\/api.w.org\/{rel}","templated":true}]}}