{"id":4045,"date":"2015-04-09T18:56:31","date_gmt":"2015-04-09T16:56:31","guid":{"rendered":"http:\/\/www.antifaschistische-linke.de\/?p=4045"},"modified":"2015-04-09T23:49:56","modified_gmt":"2015-04-09T21:49:56","slug":"kampagne-8-mai-2015-70-jahre-tag-der-befreiung","status":"publish","type":"post","link":"https:\/\/www.antifaschistische-linke.de\/?p=4045","title":{"rendered":"Kampagne 8.Mai 2015 &#8211; 70 Jahre Tag der Befreiung"},"content":{"rendered":"<p style=\"text-align: justify;\"><a href=\"http:\/\/www.antifaschistische-linke.de\/wp-content\/uploads\/Plakat.jpeg\"><img decoding=\"async\" loading=\"lazy\" class=\"alignleft  wp-image-4056\" src=\"http:\/\/www.antifaschistische-linke.de\/wp-content\/uploads\/Plakat.jpeg\" alt=\"Plakat\" width=\"204\" height=\"289\" \/><\/a>In die\u00adsem Jahr j\u00e4hrt sich die Befrei\u00adung vom deut\u00adschen Faschis\u00admus zum 70. Mal. Aus die\u00adsem Grund hat sich in Frei\u00adburg das <a href=\"http:\/\/8maifreiburg.blogsport.de\/\">\u201e8. Mai B\u00fcnd\u00adnis <\/a><a href=\"http:\/\/8maifreiburg.blogsport.de\/\">Frei\u00adburg\u201c<\/a> gegr\u00fcn\u00addet.<br \/>\n<em>&#8222;Wir wollen am 8. Mai vor allem an die Hoffnung der Befreiten auf eine Welt ohne Kriege, Elend und Unterdr\u00fcckung erinnern und diese als Impuls nehmen, weiter an der Schaffung einer neuen Welt des Friedens und der Freiheit zu arbeiten, so wie es die befreiten H\u00e4ftlinge von Buchenwald geschworen haben. In diesem Sinn wollen wir den 70. Jahrestag unserer Befreiung mit einer Veranstaltungsreihe sowie einer Kundgebung im Freiburger Stadtgarten begehen.&#8220; <\/em>Das B\u00fcndnis besteht aus verschiedenen Organisationen, Gewerkschaften und Parteien.<br \/>\n<strong>Damals wie heute \u2013 Faschismus bek\u00e4mpfen!<\/strong><\/p>\n<p style=\"text-align: justify;\">Den Aufruf des B\u00fcndnisses und weiter Informationen zur Kundgebung und der <a href=\"http:\/\/www.antifaschistische-linke.de\/wp-content\/uploads\/Veranstaltungsbrosch%C3%BCre-8.-Mai.pdf\">Veranstaltungsreihe<\/a> findet ihr <a href=\"http:\/\/8maifreiburg.blogsport.de\/\">hier.<\/a>Die Brosch\u00fcre gibts<a href=\"http:\/\/www.antifaschistische-linke.de\/wp-content\/uploads\/Veranstaltungsbrosch\u00fcre-8.-Mai.pdf\"> hier<\/a>.<\/p>\n<p style=\"text-align: justify;\"><strong>\u00dcbersicht zur antifaschistischen Veranstaltungsreihe:<\/strong><\/p>\n<p><strong>Antifaschistischer Stadtrundgang: Befreiung und Nachkriegszeit in Freiburg|\u00a0<\/strong> Samstag 2. Mai | 15 Uhr | Stra\u00dfenbahnhaltestelle Schwabentorbr\u00fccke<\/p>\n<p style=\"text-align: justify;\"><strong>Veranstaltung:<\/strong> <strong>8. Mai 1945 \u2013 Niederlage oder Befreiung? <\/strong><em>mit Theodor Bergmann | <\/em>Donnerstag 7. Mai | 19 Uhr | Albert-Ludwigs-Universit\u00e4t Freiburg, H\u00f6rsaal 3117<\/p>\n<p><strong>8.Mai:<br \/>\n<strong>Kundgebung zum \u201eTag der Befreiung\u201c <\/strong>| 17 Uhr | <strong>Stadtgarten Freiburg<\/strong><\/strong><br \/>\n<strong>Kulturveranstaltung mit Erich Schaffner<\/strong> |\u00a0 19 Uhr | Gertud-Luckner-Gewerbeschule FR<br \/>\n<strong>Befreiungsparty: &#8222;Wer nicht feiert hat verloren!&#8220;<\/strong> <strong>| <\/strong>23 Uhr White Rabbit Club<strong><br \/>\n<\/strong><\/p>\n<p style=\"text-align: justify;\"><strong>Veranstaltung: Gewerkschaftlicher Kampf um Wirtschaftsdemokratie in Baden 1945 \u2013 1952 <\/strong>| Mittoch 13. Mai | 19 Uhr | Aula der Gertrud-Luckner-Gewerbeschule<\/p>\n<p><strong>Veranstaltung: Anti\u00adfa\u00adschis\u00adti\u00adsche Geschichts\u00adpo\u00adli\u00adtik und die Zukunft der Erin\u00adne\u00adrungs\u00adkul\u00adtur<\/strong> mit der <a href=\"http:\/\/www.inventati.org\/ali\/\"><em>Antifaschistischen Linken (International) (iL)<\/em><\/a> aus G\u00f6ttingen <strong>| <\/strong>Freitag 15. Mai | 20 Uhr | Linkes Zentrum Freiburg, Gl\u00fcmerstra\u00dfe 2<\/p>\n<p><strong>Zeitzeugengespr\u00e4ch mit dem antifaschistischen Widerstandsk\u00e4mpfer Lorenz Knorr | <\/strong>Donnerstag 21. Mai | 19 Uhr | Universit\u00e4t Freiburg, Raum: tba.<\/p>\n<p style=\"text-align: justify;\"><strong>Wanderung zum KZ Natzweiler-Struthof<\/strong> | Samstag 13. Juni | 10 Uhr | Anmeldungen bis zum 31. Mai per Mail an: oat-fr@riseup.net<\/p>\n<p><strong>Genauere Informationen zu allen Veranstaltungen:<\/strong><br \/>\n<!--more--><\/p>\n<p><strong>Samstag 2. Mai | 15 Uhr<\/strong><\/p>\n<p style=\"text-align: justify;\"><strong>&#8222;Das Hitlersystem ist geschlagen\u2026&#8220;<\/strong><br \/>\n<strong> Befreiung und Nachkriegszeit in Freiburg<\/strong><br \/>\nFreiburg im Fr\u00fchling 1945: Wer trommelte noch immer f\u00fcr den Endsieg? Wo stritt man f\u00fcr einen demokratischen Neuanfang? Warum scheiterte die Einheit der Arbeiterparteien? Auf diesem historisch-politischen Rundgang mit R\u00fcdiger Binkle wollen wir den Mythos von der \u201eStunde Null\u201c in Freiburg untersuchen.<\/p>\n<p>getragen von:<a href=\"http:\/\/www.die-linke-freiburg.de\/index.php?id=2518\"> Die Linke Freiburg<\/a><br \/>\nStra\u00dfenbahnhaltestelle Schwabentorbr\u00fccke<br \/>\n______________________________________________<\/p>\n<p><strong>Donnerstag 7. Mai | 19 Uhr <\/strong><\/p>\n<p style=\"text-align: justify;\"><strong>8. Mai 1945 \u2013 Niederlage oder Befreiung?<\/strong><br \/>\n<em>Eine Veranstaltung mit Theodor Bergmann<br \/>\n<\/em>Theodor Bergmann wurde 1916 in Berlin als siebtes Kind eines Rabbiners geboren. Er schloss ich dem Sozialistischen Sch\u00fclerbund und sp\u00e4ter der Jugendorganisation der KP-Opposition an. Bergman war u.a. nach Pal\u00e4stina emigriert und leistete antifaschistische Widerstandsarbeit. Er war Professor f\u00fcr International Vergleichende Agrarpolitik, widmete sich aber gleichzeitig in vielen Untersuchungen der Geschichte der Arbeiterbewegung. Bergmann hat als kritischer Marxist zahlreiche Forschungsreisen unternommen.<\/p>\n<p style=\"text-align: justify;\">getragen von:<a href=\"http:\/\/8maifreiburg.blogsport.de\/veranstaltungen\/www.8maifreiburg.blogsport.de\">B\u00fcndnis 8. Mai Freiburg<\/a><br \/>\nAlbert-Ludwigs-Universit\u00e4t Freiburg, H\u00f6rsaal 3117<br \/>\n______________________________________________<\/p>\n<p><strong>Freitag 8. Mai | 17 Uhr<\/strong><\/p>\n<p style=\"text-align: justify;\"><strong>Kundgebung zum \u201eTag der Befreiung\u201c<br \/>\n<\/strong>Am diesj\u00e4hrigen 8. Mai j\u00e4hrt sich die Befreiung vom Deutschen Faschismus zum 70. Mal. Dies wollen wirzum Anlass nehmen um an die Millionen Opferdes Faschismus zu erinnern. Die ermordeten und verfolgten J\u00fcdinnen und Juden, Sinti und Roma, Kommunistinnen und Kommunisten, Gewerkschafterinnen und Gewerkschafter, Sozialdemokraten und allen anderen die sich der faschistischen Barbarei entgegen gestellt haben. Wir sagen damals wie heute \u2013 Faschismus bek\u00e4mpfen!<\/p>\n<p>getragen von: <a href=\"http:\/\/8maifreiburg.blogsport.de\/veranstaltungen\/www.8maifreiburg.blogsport.de\">B\u00fcndnis 8. Mai Freiburg<\/a><br \/>\nStadtgarten Freiburg<br \/>\n______________________________________________<\/p>\n<p><strong>Freitag 8.Mai | 19 Uhr<\/strong><\/p>\n<p style=\"text-align: justify;\"><strong>Kulturveranstaltung mit Erich Schaffner<br \/>\n<\/strong>\u201eM\u00fcller\u201945 oder Wie die Nazis vom Nazismus befreit wurden\u201c Ein musikalisch-literarisch-theatralischer R\u00fcckblick mit Erich Schaffner und Georg Klemp (Klavier) Los gehts am 8. Mai um 19 Uhr in der Aula der Gertud-Luckner-Gewerbeschule FR, Kirchstr. 4, 79100 Freiburg. Eintritt 5 Euro.<\/p>\n<p>getragen von: DKP Freiburg und SDAJ Freiburg<br \/>\nGertud-Luckner-Gewerbeschule FR, Kirchstr. 4, 79100 Freiburg<br \/>\n______________________________________________<\/p>\n<p><strong>Freitag 8. Mai | 23 Uhr<\/strong><\/p>\n<p style=\"text-align: justify;\"><strong>Befreiungsparty<\/strong><br \/>\n<em>Wer nicht feiert hat verloren!<br \/>\n<\/em>Am 8. Mai laden wir alle in den Hasen, um gemeinsam mit uns die Befreiung vom deutschen Faschismus zu feiern. Zu stampfenden Electrobeats werden wir mit euch die Nacht durchfeiern! Denn, wer nicht feiert hat verloren! Auch eine kleinere politische Ausstellung wird es geben! Kommt vorbei und bringt alle mit, die ihr kennt! Los gehts ab 23 Uhr!<\/p>\n<p>getragen von: Antifaschistische Linke Freiburg<br \/>\nWhite Rabbit Club, Leopoldring 1, 79098 Freiburg<br \/>\n______________________________________________<\/p>\n<p><strong>Mittoch 13. Mai | 19 Uhr<\/strong><\/p>\n<p style=\"text-align: justify;\"><strong>Gewerkschaftlicher Kampf um Wirtschaftsdemokratie in Baden 1945 \u2013 1952<br \/>\n<\/strong>Mit der Befreiung vom Faschismus begann nach dem 8. Mai die \u00f6ffentliche Diskussion \u00fcber die staatliche Verfasstheit Deutschlands nach dem Krieg. Die \u00fcberlebenden von Gewerkschaften und den politischen Arbeiterparteien hatten weitreichende Vorschl\u00e4ge f\u00fcr einen Neubeginn. Nur beispielhaft sei das Badische Bertiebsverfassungsgesetz genannt. Aber es gab noch weiter gehende Vorschl\u00e4ge, die \u2013 leider \u2013 nur in geringem Ma\u00dfe Eingang fanden in die \u00f6konomische und politische Gestaltung des Nachkriegs-Deutschlands. ProfHaumann ist ausgewiesener Kenner der damaligen Entwicklung.<\/p>\n<p style=\"text-align: justify;\">getragen von: DGB Stadtverband, ver.di, IG Metall, VVN-BdA Freiburg<br \/>\nAula der Gertrud-Luckner-Gewerbeschule, Freiburg, Kirchstr. 4 (N\u00e4he Amt f. \u00d6fftl. Ordnung\/Johanneskirche)<br \/>\n______________________________________________<\/p>\n<p><strong>Freitag 15. Mai | 20 Uhr<\/strong><\/p>\n<p><strong>Anti\u00adfa\u00adschis\u00adti\u00adsche Geschichts\u00adpo\u00adli\u00adtik und die Zukunft der Erin\u00adne\u00adrungs\u00adkul\u00adtur<br \/>\n<\/strong><em>Veranstaltung mit der \u201eAntifaschistischen Linken International\u201c (IL) aus G\u00f6ttingen<strong><br \/>\n<\/strong><\/em>Auf der Veranstaltung werden wir entsprechende geschichtspolitische Fragen und Erfahrungen zur Diskussion stellen: Wie positionieren wir in den n\u00e4chsten Jahren antifaschistische Politik, wenn es keine ZeitzeugInnen des deutschen Faschismus mehr gibt? Was passiert, wenn die \u201ehistorische Tiefe\u201c des Antifaschismus fehlt? Welche Formen der Erinnerungskultur k\u00f6nnen\/sollten wir uns aneignen? Wie k\u00f6nnen wir antifaschistische Geschichte weiterschreiben?<\/p>\n<p>getragen von: Antifaschistische Linke Freiburg<br \/>\nLinkes Zentrum Freiburg, Gl\u00fcmerstra\u00dfe 2<br \/>\n______________________________________________<\/p>\n<p><strong>Donnerstag 21. Mai | 20 Uhr <\/strong><\/p>\n<p><strong>Zeitzeugengespr\u00e4ch mit dem antifaschistischen Widerstandsk\u00e4mpfer Lorenz Knorr<br \/>\n<\/strong>Lorenz Knorr stammt aus der Sozialdemokratischen Partei der Tschechoslowakei und beteiligte sich im antifaschistischen Widerstand mit der Verbreitung von Informationen und Publikationen, Sabotageakten<br \/>\nan R\u00fcstungs- und Kriegstransporten sowie durch Sprengungen von Munitionslagern.In der Bundesrepublik war Lorenz Knorr zun\u00e4chst Mitglied der SPD, sp\u00e4ter der DFU und der DKP. Au\u00dferdem ist er lanj\u00e4hrig aktiv in der VVN-BdA. Lorenz Knorr ist 93 Jahre alt.<\/p>\n<p>getragen von: Antifaschistische Linke Freiburg und der Rosa Luxemburg Stiftung<br \/>\nUniversit\u00e4t Freiburg, Raum: tba.<br \/>\n______________________________________________<\/p>\n<p><strong>Samstag 13. Juni | 10 Uhr<\/strong><\/p>\n<p><strong>Wanderung zum KZ Natzweiler-Struthof<br \/>\n<\/strong>Am 13. Juni 2015 l\u00e4dt das OAT Freiburg (Offenes antifaschistisches Treffen) zur gemeinsamen Wanderung auf dem \u201eWeg der Erinnerung und der Menschenrechte\u201c des CIDH (Centre international d\u2018initation aux droits de l\u2018homme) ein. Geplant ist eine dreist\u00fcndige Wanderung von Rothau (F) zum ehemaligen Konzentrationslager Natzweiler-Struthof. Dabei werden wir den selben Weg gehen, den vor mehr als 70 Jahren H\u00e4ftlinge vom Bahnhof in Rothau bis zum Lagergel\u00e4nde gehen mussten. Anschliessend wird es eine F\u00fchrung durch das Konzentrationslager, die erhaltene Gaskammer und den Steinbruch geben.<br \/>\ngetragen von: Offenes Antifareffen Freiburg &amp; Region [OAT]<br \/>\nweitere Infos bei Anmeldung. Bis zum 31. Mai per Mail an: oat-fr@riseup.net<\/p>\n<p>8.Mai B\u00fcndnis:<br \/>\n<a href=\"http:\/\/8maifreiburg.blogsport.de\/unterstuetzerinnen\/www.antifaschistische-linke.de\">Antifaschistische Linke Freiburg (ALFR)<\/a><br \/>\n<a href=\"http:\/\/suedbaden.dgb.de\/\">DGB Kreisverband Freiburg<\/a><br \/>\n<a href=\"http:\/\/www.dielinke-freiburg.de\/\">Die Linke Freiburg<\/a><br \/>\n<a href=\"http:\/\/www.dkp-freiburg.de\/\">Deutsche Kommunistische Partei (DKP) Freiburg<\/a><br \/>\n<a href=\"http:\/\/www.liz-freiburg.org\/oat-2\/\">Offenes Antifatreffen Freiburg &amp; Region [OAT]<\/a><br \/>\n<a href=\"http:\/\/www.freiburg.sdaj-netz.de\/\">SDAJ Freiburg<\/a><br \/>\n<a href=\"http:\/\/freiburg.vvn-bda.de\/\">VVN-BdA Freiburg<\/a><\/p>\n<p><a href=\"http:\/\/8maifreiburg.blogsport.de\/\">http:\/\/8maifreiburg.blogsport.de\/<\/a><\/p>\n","protected":false},"excerpt":{"rendered":"<p>In die\u00adsem Jahr j\u00e4hrt sich die Befrei\u00adung vom deut\u00adschen Faschis\u00admus zum 70. Mal. Aus die\u00adsem Grund hat sich in Frei\u00adburg das \u201e8. Mai B\u00fcnd\u00adnis Frei\u00adburg\u201c gegr\u00fcn\u00addet. &#8222;Wir wollen am 8. Mai vor allem an die Hoffnung der Befreiten auf eine Welt ohne Kriege, Elend und Unterdr\u00fcckung erinnern und diese als Impuls nehmen, weiter an der [&hellip;]<\/p>\n","protected":false},"author":1,"featured_media":0,"comment_status":"closed","ping_status":"closed","sticky":false,"template":"","format":"standard","meta":[],"categories":[1,6,7,9,11],"tags":[212,664,834,831,879,13,832,645,833,259],"_links":{"self":[{"href":"https:\/\/www.antifaschistische-linke.de\/index.php?rest_route=\/wp\/v2\/posts\/4045"}],"collection":[{"href":"https:\/\/www.antifaschistische-linke.de\/index.php?rest_route=\/wp\/v2\/posts"}],"about":[{"href":"https:\/\/www.antifaschistische-linke.de\/index.php?rest_route=\/wp\/v2\/types\/post"}],"author":[{"embeddable":true,"href":"https:\/\/www.antifaschistische-linke.de\/index.php?rest_route=\/wp\/v2\/users\/1"}],"replies":[{"embeddable":true,"href":"https:\/\/www.antifaschistische-linke.de\/index.php?rest_route=%2Fwp%2Fv2%2Fcomments&post=4045"}],"version-history":[{"count":0,"href":"https:\/\/www.antifaschistische-linke.de\/index.php?rest_route=\/wp\/v2\/posts\/4045\/revisions"}],"wp:attachment":[{"href":"https:\/\/www.antifaschistische-linke.de\/index.php?rest_route=%2Fwp%2Fv2%2Fmedia&parent=4045"}],"wp:term":[{"taxonomy":"category","embeddable":true,"href":"https:\/\/www.antifaschistische-linke.de\/index.php?rest_route=%2Fwp%2Fv2%2Fcategories&post=4045"},{"taxonomy":"post_tag","embeddable":true,"href":"https:\/\/www.antifaschistische-linke.de\/index.php?rest_route=%2Fwp%2Fv2%2Ftags&post=4045"}],"curies":[{"name":"wp","href":"https:\/\/api.w.org\/{rel}","templated":true}]}}