{"id":4080,"date":"2015-04-09T21:51:50","date_gmt":"2015-04-09T19:51:50","guid":{"rendered":"http:\/\/www.antifaschistische-linke.de\/?p=4080"},"modified":"2015-05-23T15:42:10","modified_gmt":"2015-05-23T13:42:10","slug":"veranstaltungsreihe-zum-8-mai-mit-zeitzeugengespraechen-kulturveranstaltungen-vortraegen-und-einer-kundgebung","status":"publish","type":"post","link":"https:\/\/www.antifaschistische-linke.de\/?p=4080","title":{"rendered":"Veranstaltungsreihe zum 8.Mai mit Zeitzeugengespr\u00e4chen, Kulturveranstaltungen, Vortr\u00e4gen und einer Kundgebung"},"content":{"rendered":"<p><img decoding=\"async\" src=\"http:\/\/www.antifaschistische-linke.de\/Bilder\/afalogoklein.png\" alt=\"antifaklein\" align=\"left\" \/><em>Donnerstag, 09.04.2015.<\/em><br \/>\n<strong>Bundesweit. <\/strong>In die\u00adsem Jahr j\u00e4hrt sich die Befrei\u00adung vom deut\u00adschen Faschis\u00admus zum 70. Mal. Aus die\u00adsem Grund hat sich in Frei\u00adburg das <a href=\"http:\/\/8maifreiburg.blogsport.de\">\u201e8. Mai B\u00fcnd\u00adnis Frei\u00adburg\u201c<\/a> gegr\u00fcn\u00addet, das eine umfangreiche <a href=\"http:\/\/www.antifaschistische-linke.de\/wp-content\/uploads\/Veranstaltungsbrosch%C3%BCre-8.-Mai.pdf\">Veranstaltungsreihe<\/a> mit Zeitzeugengespr\u00e4chen, Kulturveranstaltungen, Vortr\u00e4gen und einer Kundgebung. Wir organisieren f\u00fcr das B\u00fcndnis ein <a href=\"http:\/\/www.antifaschistische-linke.de\/?page_id=8&amp;event=302\">Zeit\u00adzeu\u00adgen\u00adge\u00adspr\u00e4ch mit dem anti\u00adfa\u00adschis\u00adti\u00adschen Wider\u00adstands\u00adk\u00e4mp\u00adfer Lorenz Knorr<\/a>, <a href=\"http:\/\/www.antifaschistische-linke.de\/?page_id=8&amp;event=301\">eine Veranstaltung<\/a> mit der <a href=\"http:\/\/www.inventati.org\/ali\/\">Antifaschistischen Linken International G\u00f6ttingen<\/a> aus der <a href=\"http:\/\/www.interventionistische-linke.org\/\">Interventionistischen Linken<\/a> (iL) und eine Party &#8222;Wer nicht feiert hat verloren!&#8220; Auch die <a href=\"http:\/\/antikapfreiburg.blogsport.eu\/\">Mobiliserung zum Antikapitalistischen Block am 1.Mai<\/a> steht dieses Jahr unter dem Motto <a href=\"http:\/\/www.antifaschistische-linke.de\/?p=3996\">Erinnern hei\u00dft Handeln!<\/a><\/p>\n","protected":false},"excerpt":{"rendered":"<p>Donnerstag, 09.04.2015. Bundesweit. In die\u00adsem Jahr j\u00e4hrt sich die Befrei\u00adung vom deut\u00adschen Faschis\u00admus zum 70. Mal. Aus die\u00adsem Grund hat sich in Frei\u00adburg das \u201e8. Mai B\u00fcnd\u00adnis Frei\u00adburg\u201c gegr\u00fcn\u00addet, das eine umfangreiche Veranstaltungsreihe mit Zeitzeugengespr\u00e4chen, Kulturveranstaltungen, Vortr\u00e4gen und einer Kundgebung. Wir organisieren f\u00fcr das B\u00fcndnis ein Zeit\u00adzeu\u00adgen\u00adge\u00adspr\u00e4ch mit dem anti\u00adfa\u00adschis\u00adti\u00adschen Wider\u00adstands\u00adk\u00e4mp\u00adfer Lorenz Knorr, eine Veranstaltung [&hellip;]<\/p>\n","protected":false},"author":1,"featured_media":0,"comment_status":"closed","ping_status":"closed","sticky":false,"template":"","format":"standard","meta":[],"categories":[1,3],"tags":[212,86,879,391,13,432,752,832,645,835,259],"_links":{"self":[{"href":"https:\/\/www.antifaschistische-linke.de\/index.php?rest_route=\/wp\/v2\/posts\/4080"}],"collection":[{"href":"https:\/\/www.antifaschistische-linke.de\/index.php?rest_route=\/wp\/v2\/posts"}],"about":[{"href":"https:\/\/www.antifaschistische-linke.de\/index.php?rest_route=\/wp\/v2\/types\/post"}],"author":[{"embeddable":true,"href":"https:\/\/www.antifaschistische-linke.de\/index.php?rest_route=\/wp\/v2\/users\/1"}],"replies":[{"embeddable":true,"href":"https:\/\/www.antifaschistische-linke.de\/index.php?rest_route=%2Fwp%2Fv2%2Fcomments&post=4080"}],"version-history":[{"count":0,"href":"https:\/\/www.antifaschistische-linke.de\/index.php?rest_route=\/wp\/v2\/posts\/4080\/revisions"}],"wp:attachment":[{"href":"https:\/\/www.antifaschistische-linke.de\/index.php?rest_route=%2Fwp%2Fv2%2Fmedia&parent=4080"}],"wp:term":[{"taxonomy":"category","embeddable":true,"href":"https:\/\/www.antifaschistische-linke.de\/index.php?rest_route=%2Fwp%2Fv2%2Fcategories&post=4080"},{"taxonomy":"post_tag","embeddable":true,"href":"https:\/\/www.antifaschistische-linke.de\/index.php?rest_route=%2Fwp%2Fv2%2Ftags&post=4080"}],"curies":[{"name":"wp","href":"https:\/\/api.w.org\/{rel}","templated":true}]}}