{"id":4134,"date":"2015-04-24T01:02:43","date_gmt":"2015-04-23T23:02:43","guid":{"rendered":"http:\/\/www.antifaschistische-linke.de\/?p=4134"},"modified":"2015-05-23T15:44:59","modified_gmt":"2015-05-23T13:44:59","slug":"heute-17-uhr-demo-in-freiburg-wegen-der-letzten-tragoedien-im-mittelmeer","status":"publish","type":"post","link":"https:\/\/www.antifaschistische-linke.de\/?p=4134","title":{"rendered":"Heute 17 Uhr: Demo in Freiburg wegen der letzten Trag\u00f6dien im Mittelmeer"},"content":{"rendered":"<p><img decoding=\"async\" loading=\"lazy\" class=\" alignnone\" src=\"http:\/\/www.plasticbombshop.de\/images\/product_images\/popup_images\/5299_0.jpg\" alt=\"rot\" width=\"57\" height=\"54\" align=\"left\" \/><em> Freitag, 24.04.2015<\/em><br \/>\n<strong>Freiburg. <\/strong>Am heutigen Freitag, den 24.April, findet aus dem traurigen Anlass der letzten <a href=\"https:\/\/www.jungewelt.de\/2015\/04-24\/003.php\">Trag\u00f6dien im Mittelmeer<\/a> eine Trauerkundgebung und Demonstration in Freiburg statt. Denn allein in den vergangenen zwei Wochen kamen \u00fcber 1000 Menschen bei den lebensgef\u00e4hrlichen \u00dcberfahrten nach Europa um. Treffpunkt ist ab 17 Uhr auf dem Rathausplatz. Genug ist genug: Das T\u00f6ten der EU stoppen &#8211; F\u00e4hren statt Frontex!<\/p>\n","protected":false},"excerpt":{"rendered":"<p>Freitag, 24.04.2015 Freiburg. Am heutigen Freitag, den 24.April, findet aus dem traurigen Anlass der letzten Trag\u00f6dien im Mittelmeer eine Trauerkundgebung und Demonstration in Freiburg statt. Denn allein in den vergangenen zwei Wochen kamen \u00fcber 1000 Menschen bei den lebensgef\u00e4hrlichen \u00dcberfahrten nach Europa um. Treffpunkt ist ab 17 Uhr auf dem Rathausplatz. Genug ist genug: Das [&hellip;]<\/p>\n","protected":false},"author":1,"featured_media":0,"comment_status":"closed","ping_status":"closed","sticky":false,"template":"","format":"standard","meta":[],"categories":[820,3],"tags":[],"_links":{"self":[{"href":"https:\/\/www.antifaschistische-linke.de\/index.php?rest_route=\/wp\/v2\/posts\/4134"}],"collection":[{"href":"https:\/\/www.antifaschistische-linke.de\/index.php?rest_route=\/wp\/v2\/posts"}],"about":[{"href":"https:\/\/www.antifaschistische-linke.de\/index.php?rest_route=\/wp\/v2\/types\/post"}],"author":[{"embeddable":true,"href":"https:\/\/www.antifaschistische-linke.de\/index.php?rest_route=\/wp\/v2\/users\/1"}],"replies":[{"embeddable":true,"href":"https:\/\/www.antifaschistische-linke.de\/index.php?rest_route=%2Fwp%2Fv2%2Fcomments&post=4134"}],"version-history":[{"count":0,"href":"https:\/\/www.antifaschistische-linke.de\/index.php?rest_route=\/wp\/v2\/posts\/4134\/revisions"}],"wp:attachment":[{"href":"https:\/\/www.antifaschistische-linke.de\/index.php?rest_route=%2Fwp%2Fv2%2Fmedia&parent=4134"}],"wp:term":[{"taxonomy":"category","embeddable":true,"href":"https:\/\/www.antifaschistische-linke.de\/index.php?rest_route=%2Fwp%2Fv2%2Fcategories&post=4134"},{"taxonomy":"post_tag","embeddable":true,"href":"https:\/\/www.antifaschistische-linke.de\/index.php?rest_route=%2Fwp%2Fv2%2Ftags&post=4134"}],"curies":[{"name":"wp","href":"https:\/\/api.w.org\/{rel}","templated":true}]}}