{"id":4137,"date":"2015-04-28T16:02:13","date_gmt":"2015-04-28T14:02:13","guid":{"rendered":"http:\/\/www.antifaschistische-linke.de\/?p=4137"},"modified":"2015-05-23T15:43:31","modified_gmt":"2015-05-23T13:43:31","slug":"erinnern-heisst-handeln-antikapitalistischer-block-auf-der-freiburger-dgb-demo","status":"publish","type":"post","link":"https:\/\/www.antifaschistische-linke.de\/?p=4137","title":{"rendered":"Erinnern hei\u00dft Handeln: Antikapitalistischer Block auf der Freiburger DGB-Demo."},"content":{"rendered":"<p><img decoding=\"async\" src=\"http:\/\/www.antifaschistische-linke.de\/Bilder\/roterstern.png\" alt=\"rot\" align=\"left\" \/><em>Dienstag, 28.04.2015<\/em><br \/>\n<strong>Freiburg.<\/strong> Bei <a href=\"http:\/\/rdl.de\">Radio Dreyeckland<\/a> wurde <a href=\"https:\/\/rdl.de\/beitrag\/erinnern-hei-t-handeln-antikapitalistischer-block-am-1-mai-freiburg\">ein kurzes Interview<\/a> mit einem Vertreter des Antikapitalistischen Blocks gesendet, in welchem dieser auf die Motivation zum Block, historische R\u00fcckbez\u00fcge und die diesj\u00e4hrigen Planungen eingeht. Der <a href=\"http:\/\/antikapfreiburg.blogsport.eu\/\">Antikapitalistische Block <\/a>steht dieses Jahr unter dem Motto <a href=\"http:\/\/antikapfreiburg.blogsport.eu\/\">Erinnern hei\u00dft Handeln! Damals wie heute gemeinsam gegen Faschismus, Krieg und Reaktion!<\/a> Treffpunkt ist am 1.Mai ab 10.30 Uhr am Stand des <a href=\"http:\/\/liz-freiburg.org\">Linken Zentrum Freiburg <em>\u00a1adelante!<\/em><\/a>. Die Demonstration startet p\u00fcnktlich um 11 Uhr. Bereits am Abend zuvor wird im Gr\u00fcn ab 22 Uhr das selbstorganisierte Stra\u00dfenfest stattfinden.<\/p>\n","protected":false},"excerpt":{"rendered":"<p>Dienstag, 28.04.2015 Freiburg. Bei Radio Dreyeckland wurde ein kurzes Interview mit einem Vertreter des Antikapitalistischen Blocks gesendet, in welchem dieser auf die Motivation zum Block, historische R\u00fcckbez\u00fcge und die diesj\u00e4hrigen Planungen eingeht. Der Antikapitalistische Block steht dieses Jahr unter dem Motto Erinnern hei\u00dft Handeln! Damals wie heute gemeinsam gegen Faschismus, Krieg und Reaktion! Treffpunkt ist [&hellip;]<\/p>\n","protected":false},"author":1,"featured_media":0,"comment_status":"closed","ping_status":"closed","sticky":false,"template":"","format":"standard","meta":[],"categories":[10,1,3,6],"tags":[424,47,101,584,13,844,140,845,352],"_links":{"self":[{"href":"https:\/\/www.antifaschistische-linke.de\/index.php?rest_route=\/wp\/v2\/posts\/4137"}],"collection":[{"href":"https:\/\/www.antifaschistische-linke.de\/index.php?rest_route=\/wp\/v2\/posts"}],"about":[{"href":"https:\/\/www.antifaschistische-linke.de\/index.php?rest_route=\/wp\/v2\/types\/post"}],"author":[{"embeddable":true,"href":"https:\/\/www.antifaschistische-linke.de\/index.php?rest_route=\/wp\/v2\/users\/1"}],"replies":[{"embeddable":true,"href":"https:\/\/www.antifaschistische-linke.de\/index.php?rest_route=%2Fwp%2Fv2%2Fcomments&post=4137"}],"version-history":[{"count":0,"href":"https:\/\/www.antifaschistische-linke.de\/index.php?rest_route=\/wp\/v2\/posts\/4137\/revisions"}],"wp:attachment":[{"href":"https:\/\/www.antifaschistische-linke.de\/index.php?rest_route=%2Fwp%2Fv2%2Fmedia&parent=4137"}],"wp:term":[{"taxonomy":"category","embeddable":true,"href":"https:\/\/www.antifaschistische-linke.de\/index.php?rest_route=%2Fwp%2Fv2%2Fcategories&post=4137"},{"taxonomy":"post_tag","embeddable":true,"href":"https:\/\/www.antifaschistische-linke.de\/index.php?rest_route=%2Fwp%2Fv2%2Ftags&post=4137"}],"curies":[{"name":"wp","href":"https:\/\/api.w.org\/{rel}","templated":true}]}}