{"id":42,"date":"2009-09-08T22:08:59","date_gmt":"2009-09-08T20:08:59","guid":{"rendered":"http:\/\/alfr.blogsport.de\/?p=42"},"modified":"2009-09-08T22:08:59","modified_gmt":"2009-09-08T20:08:59","slug":"geldstrafe-fuer-norddeutschen-npd-funktionaer","status":"publish","type":"post","link":"https:\/\/www.antifaschistische-linke.de\/?p=42","title":{"rendered":"Geldstrafe f\u00fcr norddeutschen NPD-Funktion\u00e4r"},"content":{"rendered":"<p><img decoding=\"async\" src=\"http:\/\/www.antifaschistische-linke.de\/Bilder\/afalogoklein.png\" align=\"left\" alt=\"Antifaschistische Aktion\" \/><em>Dienstag, 08.09.2009<\/em><br \/><strong>Celle.<\/strong> Eine Geldstrafe von 600 Euro muss der NPD-Funktion\u00e4r Joachim Nahtz aus Eschede (Kreis Celle) wegen Versto\u00dfes gegen das Waffengesetz zahlen. Bei dem rechtsextremen Landwirt, dessen Hof oft als Treffpunkt und Veranstaltungsort f\u00fcr Neonazis aus Norddeutschland dient, waren im Zuge einer Hausdurchsuchung Patronen entdeckt worden. <a href=\"http:\/\/www.redok.de\/content\/view\/1503\/38\/\">Mehr Infos<\/a><\/p>\n","protected":false},"excerpt":{"rendered":"<p>Dienstag, 08.09.2009Celle. Eine Geldstrafe von 600 Euro muss der NPD-Funktion\u00e4r Joachim Nahtz aus Eschede (Kreis Celle) wegen Versto\u00dfes gegen das Waffengesetz zahlen. Bei dem rechtsextremen Landwirt, dessen Hof oft als Treffpunkt und Veranstaltungsort f\u00fcr Neonazis aus Norddeutschland dient, waren im Zuge einer Hausdurchsuchung Patronen entdeckt worden. Mehr Infos<\/p>\n","protected":false},"author":1,"featured_media":0,"comment_status":"closed","ping_status":"closed","sticky":false,"template":"","format":"standard","meta":[],"categories":[1],"tags":[],"_links":{"self":[{"href":"https:\/\/www.antifaschistische-linke.de\/index.php?rest_route=\/wp\/v2\/posts\/42"}],"collection":[{"href":"https:\/\/www.antifaschistische-linke.de\/index.php?rest_route=\/wp\/v2\/posts"}],"about":[{"href":"https:\/\/www.antifaschistische-linke.de\/index.php?rest_route=\/wp\/v2\/types\/post"}],"author":[{"embeddable":true,"href":"https:\/\/www.antifaschistische-linke.de\/index.php?rest_route=\/wp\/v2\/users\/1"}],"replies":[{"embeddable":true,"href":"https:\/\/www.antifaschistische-linke.de\/index.php?rest_route=%2Fwp%2Fv2%2Fcomments&post=42"}],"version-history":[{"count":0,"href":"https:\/\/www.antifaschistische-linke.de\/index.php?rest_route=\/wp\/v2\/posts\/42\/revisions"}],"wp:attachment":[{"href":"https:\/\/www.antifaschistische-linke.de\/index.php?rest_route=%2Fwp%2Fv2%2Fmedia&parent=42"}],"wp:term":[{"taxonomy":"category","embeddable":true,"href":"https:\/\/www.antifaschistische-linke.de\/index.php?rest_route=%2Fwp%2Fv2%2Fcategories&post=42"},{"taxonomy":"post_tag","embeddable":true,"href":"https:\/\/www.antifaschistische-linke.de\/index.php?rest_route=%2Fwp%2Fv2%2Ftags&post=42"}],"curies":[{"name":"wp","href":"https:\/\/api.w.org\/{rel}","templated":true}]}}