{"id":4320,"date":"2015-07-14T09:38:29","date_gmt":"2015-07-14T07:38:29","guid":{"rendered":"http:\/\/www.antifaschistische-linke.de\/?p=4320"},"modified":"2015-07-14T09:38:29","modified_gmt":"2015-07-14T07:38:29","slug":"kicken-gegen-rassismus-2015-veranstaltungsreihe","status":"publish","type":"post","link":"https:\/\/www.antifaschistische-linke.de\/?p=4320","title":{"rendered":"Kicken gegen Rassismus 2015: Veranstaltungsreihe"},"content":{"rendered":"<p style=\"text-align: justify;\"><span class=\"fsl\"><span class=\"text_exposed_show\">Termine auf einen Blick:<\/p>\n<p><strong>Donnerstag 23.Juli | Sport und Neoliberalismus | mit Dr. hans Peter Waldrich | Linkes Zentrum \u00a1adelante! | 18 Uhr<\/strong><\/p>\n<p><strong> Sonntag 26. Juli | Kicken gegen Rassismus | Sportplatz SV Solvay | Hermann-Mitsch Stra\u00dfe 38 | 10:30 Uhr<\/strong><\/p>\n<p><strong> Donnerstag 30. Juli | Rechte Hools gegen linke Ultras? | Veranstaltung mit Jonas Gabler | Linkes Zentrum \u00a1adelante! | 19 Uhr<\/strong><\/span><\/span><\/p>\n<p style=\"text-align: justify;\"><span class=\"fsl\">Am Sonntag den 26.7. l\u00e4dt das Offene Antifa Treffen [OAT] Freiburg &amp; Region und die SJD &#8211; Die Falken (Projekt &#8222;Bunt Gemischt&#8220;) zum insgesamt vierten Mal zum &#8222;Kicken gegen Rassismus&#8220; ein. Nach drei erfolgreichen vergangenen Jahren, [2012:<a href=\"https:\/\/www.facebook.com\/l.php?u=https%3A%2F%2Flinksunten.indymedia.org%2Fde%2Fnode%2F62963&amp;h=QAQHPmCA6&amp;enc=AZNFHSgkcd6eOmRprNl6P8jW4TAa3iBQYwk_xRX7sRYqoyPchh9VETtPd2lsqhySv6k&amp;s=1\" target=\"_blank\" rel=\"nofollow nofollow\">https:\/\/<wbr \/>linksunten.indymedia.org\/<wbr \/>de\/node\/62963<\/a>, 2013: <a href=\"https:\/\/linksunten.indymedia.org\/de\/node\/91952\" target=\"_blank\" rel=\"nofollow nofollow\">https:\/\/<wbr \/>linksunten.indymedia.org\/<wbr \/>de\/node\/91952<\/a> und 2014: <a href=\"https:\/\/www.facebook.com\/l.php?u=https%3A%2F%2Flinksunten.indymedia.org%2Fde%2Fnode%2F120403&amp;h=3AQGqwhnI&amp;enc=AZNlHgxYm1WUuaP3GUYRX7-4EUEsCwt3WlZk5i7-A3C0zs74KE-EziC9luQvFHWo3YE&amp;s=1\" target=\"_blank\" rel=\"nofollow nofollow\">https:\/\/<wbr \/>linksunten.indymedia.org\/<wbr \/>de\/node\/120403<\/a>] wollen wir auch dieses Jahr wieder gemeinsam ein starkes Zeichen gegen Rassismus und f\u00fcr eine solidarische Gesellschaft setzen<\/p>\n<p>Wie in den vergangen Jahren wollen wir zeigen, dass Fussball ein gemeinsames Erlebnis ist. Wir setzen auf ein solidarisches, faires und unkommerzielles Miteinander. Wir wollen uns solidarisch mit<span class=\"text_exposed_show\"> den Betroffenen rassistischer Gewalt und Voruteile zeigen &#8211; egal ob Refugees denen das Bleiberecht verweigert und die zur\u00fcck aufs Mittelmeer geschickt werden oder Menschen, die aufgrund ihrer Herkunft oder Hautfarbe von Staat und Gesellschaft diskriminiert werden. Fussball ist f\u00fcr uns ein verbindendes Ereignis. Gerade in Zeiten in denen beispielsweise die reaktion\u00e4re AfD gesch\u00fctzt durch Polizei und Staat Veranstaltungen in der ganzen BRD abhalten kann und rassistische Pegida-Aufm\u00e4rsche ihre menschenverachtende Hetze in der gesamten Republik auf die Stra\u00dfe tragen, wollen wir ein Zeichen f\u00fcr ein solidarisches Miteinander setzen.<\/p>\n<p>Au\u00dferdem m\u00f6chten wir darauf aufmerksam machen, dass auch in unserer Region Nazis aktiv sind und uns f\u00fcr diese Gefahr sensibilisieren und \u00d6ffentlichkeit schaffen &#8211; auch hier in der Gegend vernetzen sich Nazis und machten in den vergangenen Jahren immer wieder Schlagzeilen durch geplante Anschl\u00e4ge auf Linke und Andersdenkende. Hierzu wird es vor Ort eine ausf\u00fchrliche Ausstelllung \u00fcber regionale faschistische Aktivit\u00e4ten geben.<\/p>\n<p>Wie jedes Jahr wird es auch dieses Mal im Vorfeld des Tuniers wieder eine thematische Vortragsreihe geben.<\/p>\n<p>Am Donnerstag den 23. Juli um 18 Uhr referiert Dr. Hans Peter Waldrich \u00fcber die fortschreitende Kommerzialisierung des Sports und thematisiert die Verbindungen zwischen Neoliberalismus und Sport in einem interaktiven Workshop. Die Veranstaltung findet im linken Zentrum \u00a1adelante! in der Gl\u00fcmerstra\u00dfe 2 statt.<\/p>\n<p>Am Donnerstag den 30. Juli berichtet der anerkannte Fanforscher Jonas Gabler \u00fcber die Problematik rechter Strukturen in deutschen Fussballstadien. Der Vortrag &#8222;Rechte Hools gegen linke Ultras?&#8220; findet um 19 Uhr ebenfalls im linken Zentrum \u00a1adelante! in der Gl\u00fcmerstra\u00dfe 2 statt. Insbesondere im Hinblick auf rechte Sammelbewegungen wie &#8222;Hooligans gegen Salafisten&#8220; eine sicherlich aktuelle Thematik!<\/p>\n<p>Am Tag selber bieten wir wie jedes Jahr ein breites Rahmenprogramm an. Neben politischen Infost\u00e4nden wird es auch ein Programm f\u00fcr Kinder, gute Musik sowie leckere vegane Verpflegung und k\u00fchle Getr\u00e4nke geben. Wir freuen uns darauf euch am Sonntag den 26. Juli ab 10:30 Uhr auf dem Sportplatz des SV Solvay in der Hermann-Mitsch Stra\u00dfe 38 wieder zu sehen!<\/p>\n<p>Alle k\u00f6nnen mitmachen! Falls ihr ein Team stellt dann schickt bitte eure Anmeldungen an oat-fr@riseup.net damit wir absch\u00e4tzen k\u00f6nnen wieviele Teams spielen werden. Falls ihr kein vollst\u00e4ndiges Team zusammen bekommt dann kommt doch trotzdem einfach spontan vorbei. Vor Ort wird es bestimmt die M\u00f6glichkeit geben noch Teams zu bilden! Es gibt keine Anmeldegeb\u00fchr, allerdings sind wir auf Spenden angewiesen.<\/p>\n<p><\/span><\/span><\/p>\n","protected":false},"excerpt":{"rendered":"<p>Termine auf einen Blick: Donnerstag 23.Juli | Sport und Neoliberalismus | mit Dr. hans Peter Waldrich | Linkes Zentrum \u00a1adelante! | 18 Uhr Sonntag 26. Juli | Kicken gegen Rassismus | Sportplatz SV Solvay | Hermann-Mitsch Stra\u00dfe 38 | 10:30 Uhr Donnerstag 30. Juli | Rechte Hools gegen linke Ultras? | Veranstaltung mit Jonas Gabler [&hellip;]<\/p>\n","protected":false},"author":1,"featured_media":4323,"comment_status":"closed","ping_status":"closed","sticky":false,"template":"","format":"standard","meta":[],"categories":[1],"tags":[],"_links":{"self":[{"href":"https:\/\/www.antifaschistische-linke.de\/index.php?rest_route=\/wp\/v2\/posts\/4320"}],"collection":[{"href":"https:\/\/www.antifaschistische-linke.de\/index.php?rest_route=\/wp\/v2\/posts"}],"about":[{"href":"https:\/\/www.antifaschistische-linke.de\/index.php?rest_route=\/wp\/v2\/types\/post"}],"author":[{"embeddable":true,"href":"https:\/\/www.antifaschistische-linke.de\/index.php?rest_route=\/wp\/v2\/users\/1"}],"replies":[{"embeddable":true,"href":"https:\/\/www.antifaschistische-linke.de\/index.php?rest_route=%2Fwp%2Fv2%2Fcomments&post=4320"}],"version-history":[{"count":0,"href":"https:\/\/www.antifaschistische-linke.de\/index.php?rest_route=\/wp\/v2\/posts\/4320\/revisions"}],"wp:featuredmedia":[{"embeddable":true,"href":"https:\/\/www.antifaschistische-linke.de\/index.php?rest_route=\/wp\/v2\/media\/4323"}],"wp:attachment":[{"href":"https:\/\/www.antifaschistische-linke.de\/index.php?rest_route=%2Fwp%2Fv2%2Fmedia&parent=4320"}],"wp:term":[{"taxonomy":"category","embeddable":true,"href":"https:\/\/www.antifaschistische-linke.de\/index.php?rest_route=%2Fwp%2Fv2%2Fcategories&post=4320"},{"taxonomy":"post_tag","embeddable":true,"href":"https:\/\/www.antifaschistische-linke.de\/index.php?rest_route=%2Fwp%2Fv2%2Ftags&post=4320"}],"curies":[{"name":"wp","href":"https:\/\/api.w.org\/{rel}","templated":true}]}}