{"id":4336,"date":"2015-07-18T21:08:12","date_gmt":"2015-07-18T19:08:12","guid":{"rendered":"http:\/\/www.antifaschistische-linke.de\/?p=4336"},"modified":"2015-10-06T12:33:18","modified_gmt":"2015-10-06T10:33:18","slug":"aktion-in-gedenken-an-dilsoz-bahar-kevin-jochim","status":"publish","type":"post","link":"https:\/\/www.antifaschistische-linke.de\/?p=4336","title":{"rendered":"Aktion in Gedenken an Dilsoz Bahar (Kevin Jochim)"},"content":{"rendered":"<div class=\"field field-name-field-abstract field-type-text-long field-label-hidden\">\n<div class=\"field-items\">\n<div class=\"field-item even\">\n<p><a href=\"http:\/\/www.antifaschistische-linke.de\/wp-content\/uploads\/13664.jpg\"><img decoding=\"async\" loading=\"lazy\" class=\"alignleft wp-image-4338 size-medium\" src=\"http:\/\/www.antifaschistische-linke.de\/wp-content\/uploads\/13664-225x300.jpg\" alt=\"13664\" width=\"225\" height=\"300\" srcset=\"https:\/\/www.antifaschistische-linke.de\/wp-content\/uploads\/13664-225x300.jpg 225w, https:\/\/www.antifaschistische-linke.de\/wp-content\/uploads\/13664-135x180.jpg 135w, https:\/\/www.antifaschistische-linke.de\/wp-content\/uploads\/13664-768x1024.jpg 768w, https:\/\/www.antifaschistische-linke.de\/wp-content\/uploads\/13664.jpg 1125w\" sizes=\"(max-width: 225px) 100vw, 225px\" \/><\/a>Am 13.Juli wurde publik, dass der junge Internationalist <a href=\"https:\/\/www.nadir.org\/nadir\/initiativ\/isku\/erklaerungen\/2015\/07\/01.htm\">Kevin Jochim (Dilsoz Bahar)<\/a> in Rojava gefallen war.<\/p>\n<\/div>\n<\/div>\n<\/div>\n<div class=\"field field-name-body field-type-text-with-summary field-label-hidden\">\n<div class=\"field-items\">\n<div class=\"field-item even\">\n<p>Dilsoz Bahar war in Deutschland in antifaschistischen Zusammenh\u00e4ngen aktiv gewesen. Im Winter 2012 hat er sich dann den Verteidigungseinheiten der YPG in Rojava angeschlossen um f\u00fcr die Selbstorganisierung der Gesellschaft und gegen jegliche Unterdr\u00fcckung zu k\u00e4mpfen.<br \/>\nIn der Nacht des 6. Juli 2015 verloren er und 5 weitere Freunde bei einem Angriff des IS im Kanton Ciz\u00eer\u00ea im Dorf \u015eergirat im Kreis Sil\u00fbk ihr Leben.<\/p>\n<p>Am Abend des 17.Juli wurden in Freiburg in Gedenken an ihn zwei gro\u00dfe Plakate angebracht.<br \/>\nWeil am Augustinerplatz an Sommerabenden und besonders am Wochenende viel los ist konnten dort w\u00e4hrend des Plakatierens noch Flyer mit der <a href=\"https:\/\/www.nadir.org\/nadir\/initiativ\/isku\/pressekurdturk\/2015\/29\/01.htm\">Erkl\u00e4rung der Informationsstelle Kurdistan<\/a> verteilt werden. Des weiteren wurden Nelken niedergelegt.<\/p>\n<p>&#8222;Wir geloben, dass wir die Ziele und Tr\u00e4ume von Heval Dilsoz weiter verfolgen werden. Wir werden alles tun, um gegen die Finsternis erfolgreich zu sein.\u201c (Aus der Erkl\u00e4rung des YPG-Pressezentrums)<\/p>\n<p>Wir wollen ihm in tiefer Trauer gedenken! \u015eeh\u00eed namirin!<\/p>\n<p><a href=\"http:\/\/www.antifaschistische-linke.de\/wp-content\/uploads\/13667.jpg\"><img decoding=\"async\" loading=\"lazy\" class=\"alignleft wp-image-4337 size-medium\" src=\"http:\/\/www.antifaschistische-linke.de\/wp-content\/uploads\/13667-300x239.jpg\" alt=\"13667\" width=\"300\" height=\"239\" srcset=\"https:\/\/www.antifaschistische-linke.de\/wp-content\/uploads\/13667-300x239.jpg 300w, https:\/\/www.antifaschistische-linke.de\/wp-content\/uploads\/13667-180x144.jpg 180w, https:\/\/www.antifaschistische-linke.de\/wp-content\/uploads\/13667-1024x817.jpg 1024w, https:\/\/www.antifaschistische-linke.de\/wp-content\/uploads\/13667.jpg 1066w\" sizes=\"(max-width: 300px) 100vw, 300px\" \/><\/a>Interview mit Dilsoz Bahar: (Rojava 04\/2015)<br \/>\n<a href=\"https:\/\/www.youtube.com\/watch?v=OWSqrrZEHIk\">https:\/\/www.youtube.com\/watch?v=OWSqrrZEHIk<\/a><\/p>\n<p>Gedenkvideo:<br \/>\n<a href=\"https:\/\/www.youtube.com\/watch?v=ZRexrIJXB7s\">https:\/\/www.youtube.com\/watch?v=ZRexrIJXB7s<\/a><\/p>\n<p>Text und Bilder von: http:\/\/de.indymedia.org\/node\/5174<\/p>\n<\/div>\n<\/div>\n<\/div>\n","protected":false},"excerpt":{"rendered":"<p>Am 13.Juli wurde publik, dass der junge Internationalist Kevin Jochim (Dilsoz Bahar) in Rojava gefallen war. Dilsoz Bahar war in Deutschland in antifaschistischen Zusammenh\u00e4ngen aktiv gewesen. Im Winter 2012 hat er sich dann den Verteidigungseinheiten der YPG in Rojava angeschlossen um f\u00fcr die Selbstorganisierung der Gesellschaft und gegen jegliche Unterdr\u00fcckung zu k\u00e4mpfen. In der Nacht [&hellip;]<\/p>\n","protected":false},"author":1,"featured_media":4338,"comment_status":"closed","ping_status":"closed","sticky":false,"template":"","format":"standard","meta":[],"categories":[1],"tags":[],"_links":{"self":[{"href":"https:\/\/www.antifaschistische-linke.de\/index.php?rest_route=\/wp\/v2\/posts\/4336"}],"collection":[{"href":"https:\/\/www.antifaschistische-linke.de\/index.php?rest_route=\/wp\/v2\/posts"}],"about":[{"href":"https:\/\/www.antifaschistische-linke.de\/index.php?rest_route=\/wp\/v2\/types\/post"}],"author":[{"embeddable":true,"href":"https:\/\/www.antifaschistische-linke.de\/index.php?rest_route=\/wp\/v2\/users\/1"}],"replies":[{"embeddable":true,"href":"https:\/\/www.antifaschistische-linke.de\/index.php?rest_route=%2Fwp%2Fv2%2Fcomments&post=4336"}],"version-history":[{"count":0,"href":"https:\/\/www.antifaschistische-linke.de\/index.php?rest_route=\/wp\/v2\/posts\/4336\/revisions"}],"wp:featuredmedia":[{"embeddable":true,"href":"https:\/\/www.antifaschistische-linke.de\/index.php?rest_route=\/wp\/v2\/media\/4338"}],"wp:attachment":[{"href":"https:\/\/www.antifaschistische-linke.de\/index.php?rest_route=%2Fwp%2Fv2%2Fmedia&parent=4336"}],"wp:term":[{"taxonomy":"category","embeddable":true,"href":"https:\/\/www.antifaschistische-linke.de\/index.php?rest_route=%2Fwp%2Fv2%2Fcategories&post=4336"},{"taxonomy":"post_tag","embeddable":true,"href":"https:\/\/www.antifaschistische-linke.de\/index.php?rest_route=%2Fwp%2Fv2%2Ftags&post=4336"}],"curies":[{"name":"wp","href":"https:\/\/api.w.org\/{rel}","templated":true}]}}