{"id":4369,"date":"2015-07-24T20:12:09","date_gmt":"2015-07-24T18:12:09","guid":{"rendered":"http:\/\/www.antifaschistische-linke.de\/?p=4369"},"modified":"2015-07-24T20:12:09","modified_gmt":"2015-07-24T18:12:09","slug":"liz-sommerfest-am-freitag-31-07","status":"publish","type":"post","link":"https:\/\/www.antifaschistische-linke.de\/?p=4369","title":{"rendered":"LiZ Sommerfest am Freitag, 31.07."},"content":{"rendered":"<p><a href=\"http:\/\/www.antifaschistische-linke.de\/wp-content\/uploads\/LIZ-Transpi.jpg\"><img decoding=\"async\" loading=\"lazy\" class=\" size-large wp-image-4370 aligncenter\" src=\"http:\/\/www.antifaschistische-linke.de\/wp-content\/uploads\/LIZ-Transpi-1024x341.jpg\" alt=\"LIZ-Transpi\" width=\"610\" height=\"203\" srcset=\"https:\/\/www.antifaschistische-linke.de\/wp-content\/uploads\/LIZ-Transpi-1024x341.jpg 1024w, https:\/\/www.antifaschistische-linke.de\/wp-content\/uploads\/LIZ-Transpi-180x60.jpg 180w, https:\/\/www.antifaschistische-linke.de\/wp-content\/uploads\/LIZ-Transpi-300x100.jpg 300w\" sizes=\"(max-width: 610px) 100vw, 610px\" \/><\/a><strong>LiZ Sommerfest<\/strong><\/p>\n<p><strong>Frei\u00adtag, 31. Juli | 16:00 Uhr | <\/strong><strong>Gl\u00fcmerstra\u00dfe 2<\/strong><\/p>\n<p style=\"text-align: justify;\">Sommer, Sonne, Sonnenschein \u2013 wir lassen uns durch Repression nicht \u00e4rgern und wollen mit euch am 31.07.15 unser allj\u00e4hrliches Sommerfest im Linken Zentrum \u00a1adelante! (Gl\u00fcmerstr. 2, 79102 Freiburg) feiern. Daf\u00fcr haben wir uns ein sch\u00f6nes Programm \u00fcberlegt:<\/p>\n<p style=\"text-align: justify;\">&#8211; 16 Uhr: Beginn mit Kaffee und Kuchen, Tombola und Siebdruck<br \/>\n&#8211; 18 Uhr: Er\u00f6ffnungsrede mit Ansto\u00dfen; Grillen und Buffet<br \/>\n&#8211; 20 Uhr: ACAB-Chor \u2013 Arbeiter Chor Achern-B\u00fchl<\/p>\n<p style=\"text-align: justify;\">Sagts weiter, bringt eure Leute mit, wir freuen uns auf euch!<br \/>\nGemeinsam k\u00e4mpfen \u2013 gemeinsam feiern!<\/p>\n<p style=\"text-align: justify;\">Euer Linkes Zentrum \u00a1adelante!<\/p>\n","protected":false},"excerpt":{"rendered":"<p>LiZ Sommerfest Frei\u00adtag, 31. Juli | 16:00 Uhr | Gl\u00fcmerstra\u00dfe 2 Sommer, Sonne, Sonnenschein \u2013 wir lassen uns durch Repression nicht \u00e4rgern und wollen mit euch am 31.07.15 unser allj\u00e4hrliches Sommerfest im Linken Zentrum \u00a1adelante! (Gl\u00fcmerstr. 2, 79102 Freiburg) feiern. Daf\u00fcr haben wir uns ein sch\u00f6nes Programm \u00fcberlegt: &#8211; 16 Uhr: Beginn mit Kaffee und [&hellip;]<\/p>\n","protected":false},"author":1,"featured_media":0,"comment_status":"closed","ping_status":"closed","sticky":false,"template":"","format":"standard","meta":[],"categories":[7],"tags":[],"_links":{"self":[{"href":"https:\/\/www.antifaschistische-linke.de\/index.php?rest_route=\/wp\/v2\/posts\/4369"}],"collection":[{"href":"https:\/\/www.antifaschistische-linke.de\/index.php?rest_route=\/wp\/v2\/posts"}],"about":[{"href":"https:\/\/www.antifaschistische-linke.de\/index.php?rest_route=\/wp\/v2\/types\/post"}],"author":[{"embeddable":true,"href":"https:\/\/www.antifaschistische-linke.de\/index.php?rest_route=\/wp\/v2\/users\/1"}],"replies":[{"embeddable":true,"href":"https:\/\/www.antifaschistische-linke.de\/index.php?rest_route=%2Fwp%2Fv2%2Fcomments&post=4369"}],"version-history":[{"count":0,"href":"https:\/\/www.antifaschistische-linke.de\/index.php?rest_route=\/wp\/v2\/posts\/4369\/revisions"}],"wp:attachment":[{"href":"https:\/\/www.antifaschistische-linke.de\/index.php?rest_route=%2Fwp%2Fv2%2Fmedia&parent=4369"}],"wp:term":[{"taxonomy":"category","embeddable":true,"href":"https:\/\/www.antifaschistische-linke.de\/index.php?rest_route=%2Fwp%2Fv2%2Fcategories&post=4369"},{"taxonomy":"post_tag","embeddable":true,"href":"https:\/\/www.antifaschistische-linke.de\/index.php?rest_route=%2Fwp%2Fv2%2Ftags&post=4369"}],"curies":[{"name":"wp","href":"https:\/\/api.w.org\/{rel}","templated":true}]}}