{"id":4432,"date":"2015-09-24T23:45:33","date_gmt":"2015-09-24T21:45:33","guid":{"rendered":"http:\/\/www.antifaschistische-linke.de\/?p=4432"},"modified":"2015-12-04T14:01:46","modified_gmt":"2015-12-04T13:01:46","slug":"npd-parteitag-am-21-22-november-in-weinheim-verhindern","status":"publish","type":"post","link":"https:\/\/www.antifaschistische-linke.de\/?p=4432","title":{"rendered":"NPD-Bundesparteitag in Weinheim verhindern!"},"content":{"rendered":"<p style=\"text-align: justify;\"><strong>+++ Bus ab Freiburg ++++<\/strong><\/p>\n<p style=\"text-align: justify;\">Am 21. und 22. Novem\u00adber soll zum drit\u00adten Mal in Folge der Bun\u00addes\u00adpar\u00adtei\u00adtag der NPD im baden-w\u00fcrttembergischen Wein\u00adheim statt\u00adfin\u00adden. Hierzu wer\u00adden Nazis aus dem gesam\u00adten Bun\u00addes\u00adge\u00adbiet anrei\u00adsen. Das <a href=\"http:\/\/blocknpd2015.nordost.mobi\">B\u00fcnd\u00adnis \u201eBlock NPD\u201c<\/a> ruft dazu auf den dies\u00adj\u00e4h\u00adri\u00adgen Par\u00adtei\u00adtag durch viel\u00adf\u00e4l\u00adtige und ent\u00adschlos\u00adsene anti\u00adfa\u00adschis\u00adti\u00adsche Pro\u00adteste zu ver\u00adhin\u00addern.<br \/>\nAuch aus Frei\u00adburg wird es eine Mobi\u00adli\u00adse\u00adrung und eine Bus-Anreise geben. Unterst\u00fctzt unseren Freiburger Aufruf und fahrt mit uns gemeinsam nach Weinheim!<\/p>\n<p>Wenn ihr Fragen habt, den Aufruf unterst\u00fctzen oder Tickets f\u00fcr die Busfahrt reservieren wollt, dann schreibt uns bitte einfach eine Mail an <a class=\"moz-txt-link-abbreviated\" href=\"mailto:info@antifaschistische-linke.de\">info@antifaschistische-linke.de<\/a><\/p>\n<p>+++<\/p>\n<p><strong>Termine<\/strong><\/p>\n<p>12.11. | Infovortrag von Genoss_innen von &#8222;Block NPD Weinheim&#8220; | Linkes Zentrum \u00a1adelante!\u00a0 |20 Uhr<br \/>\n20.11.| Infokneipe und letzte Tickets| Linkes Zentrum \u00a1adelante!| ab 20 Uhr<br \/>\n21.11. | Gemeinsame Busfahrt nach Weinheim<\/p>\n<p style=\"text-align: justify;\"><strong>Tickets<\/strong><br \/>\nGibt es im Linken Zentrum z.B. Sonntags bei der Vok\u00fc, Freitags w\u00e4hrend den Kneipen oder im OAT<\/p>\n<p style=\"text-align: justify;\">weitere Infos:<\/p>\n<p style=\"text-align: justify;\"><a href=\"http:\/\/www.facebook.de\/OatFr\">www.facebook.de\/OatFr<\/a><br \/>\n<a href=\"http:\/\/blocknpd2015.nordost.mobi\/\" rel=\"nofollow\">blocknpd2015.nordost.mobi<\/a><\/p>\n<p style=\"text-align: justify;\">+++<\/p>\n<p><strong>Freiburger Aufruf<\/strong><\/p>\n<p>Am 21. und 22. November 2015 will die NPD erneut ihren Bundesparteitag in Weinheim\/Nordbaden durchf\u00fchren. Bereits in den Vorjahren konnte die neofaschistische Partei nach juristischem Tauziehen ihre Parteitage dort abhalten, und auch weitere Versammlungen sind geplant. Doch selbst wenn die Nazizusammenkunft juristisch und polizeilich gedeckt ist, bleibt antifaschistischer Protest bitter notwendig und in jeglicher Hinsicht legitim!<\/p>\n<p>Wenn eine Gruppierung, die rassistische, v\u00f6lkisch-nationalistische und antisemitische Positionen ganz klar in der Tradition der faschistischen NSDAP vertritt und von den herrschenden Parteien verharmlost wird, so bleibt uns als Antifaschistinnen und Antifaschisten nichts anderes \u00fcbrig, als die Sache selbst in die Hand zu nehmen und sich den Faschisten entschieden entgegenstellen.<\/p>\n<p>Die NPD ist nicht nur ein weit von uns entferntes Ph\u00e4nomen, das zeigen auch die vermehrten Aktivit\u00e4ten in Freiburg. Der letztes Jahr gegr\u00fcndete Kreisverband Breisgau unter Jan Zimmermann nutzt die momentane Lage, um gegen die \u201eFl\u00fcchtlingsflut\u201c zu hetzen und seine menschenverachtende Propaganda in der Region zu verbreiten. Die aktuelle Situation in Deutschland zeigt, dass sie mit ihren Inhalten nicht nur auf Ablehnung treffen: \u00fcber 300 Anschl\u00e4ge auf Fl\u00fcchtlingsheime seit Jahresbeginn, rechte Massenmobilisierungen in Dresden und Heidenau sowie pr\u00fcgelnde Nazi-Hools und ein Verfassungsschutz, der jahrelang den faschistischen NSU-Terror erm\u00f6glichte.<\/p>\n<p>Deshalb ist es wichtiger denn je am 21.11 auf die Stra\u00dfe zu gehen und aktiv Widerstand zu leisten! Erkl\u00e4rtes Ziel ist es am Samstag Morgen den Tagungsort zu blockieren, es den Faschisten unm\u00f6glich zu machen ihre Veranstaltung zu erreichen und unseren legitimen antifaschistischen Widerstand auf die Stra\u00dfen Weinheims zu tragen.<\/p>\n<p>Gemeinsam, solidarisch und entschlossen gegen Faschismus \u2013 in Freiburg, Weinheim oder sonstwo!<\/p>\n<p>Unterst\u00fctzt von:<\/p>\n<p><a href=\"http:\/\/ag-freiburg.org\/\"><strong>Anarchistische Gruppe Freiburg<\/strong><\/a><br \/>\n<a href=\"http:\/\/www.antifaschistische-linke.de\/\"><strong>Antifaschistische Linke Freiburg (iL)<\/strong><\/a><br \/>\n<a href=\"https:\/\/de-de.facebook.com\/Linke.SDS.Freiburg\"><strong> Die Linke.SDS Freiburg<\/strong><\/a><br \/>\n<a href=\"http:\/\/www.dkp-freiburg.de\/\"><strong> DKP Freiburg<\/strong><\/a><br \/>\n<strong> <a href=\"http:\/\/linksjugend-solid-bw.de\/freiburg\/\">Linksjugend [&#8217;solid] Freiburg<\/a><\/strong><br \/>\n<strong><a href=\"http:\/\/www.freiburg.kuhle-wampe.de\/\">Motorradclub Kuhle Wampe Freiburg<\/a><\/strong><br \/>\n<a href=\"http:\/\/facebook.de\/oat-fr\"><strong>Offene Antifa Treffen Freiburg &amp; Region [OAT]<\/strong><\/a><br \/>\n<a href=\"http:\/\/www.freiburg.sdaj-netz.de\/\"><strong>SDAJ Freiburg<\/strong><\/a><br \/>\n<strong><a href=\"https:\/\/jugend-bawue.verdi.de\/vor-ort\/suedbaden\">ver.di Jugend S\u00fcdbaden<\/a><\/strong><br \/>\n<strong>VVN &#8211; BdA Freiburg<br \/>\n<\/strong><\/p>\n<p>+++<\/p>\n","protected":false},"excerpt":{"rendered":"<p>+++ Bus ab Freiburg ++++ Am 21. und 22. Novem\u00adber soll zum drit\u00adten Mal in Folge der Bun\u00addes\u00adpar\u00adtei\u00adtag der NPD im baden-w\u00fcrttembergischen Wein\u00adheim statt\u00adfin\u00adden. Hierzu wer\u00adden Nazis aus dem gesam\u00adten Bun\u00addes\u00adge\u00adbiet anrei\u00adsen. Das B\u00fcnd\u00adnis \u201eBlock NPD\u201c ruft dazu auf den dies\u00adj\u00e4h\u00adri\u00adgen Par\u00adtei\u00adtag durch viel\u00adf\u00e4l\u00adtige und ent\u00adschlos\u00adsene anti\u00adfa\u00adschis\u00adti\u00adsche Pro\u00adteste zu ver\u00adhin\u00addern. Auch aus Frei\u00adburg wird es [&hellip;]<\/p>\n","protected":false},"author":1,"featured_media":4458,"comment_status":"closed","ping_status":"closed","sticky":false,"template":"","format":"standard","meta":[],"categories":[1,820,7],"tags":[870,25,79,869,868,867,871,866],"_links":{"self":[{"href":"https:\/\/www.antifaschistische-linke.de\/index.php?rest_route=\/wp\/v2\/posts\/4432"}],"collection":[{"href":"https:\/\/www.antifaschistische-linke.de\/index.php?rest_route=\/wp\/v2\/posts"}],"about":[{"href":"https:\/\/www.antifaschistische-linke.de\/index.php?rest_route=\/wp\/v2\/types\/post"}],"author":[{"embeddable":true,"href":"https:\/\/www.antifaschistische-linke.de\/index.php?rest_route=\/wp\/v2\/users\/1"}],"replies":[{"embeddable":true,"href":"https:\/\/www.antifaschistische-linke.de\/index.php?rest_route=%2Fwp%2Fv2%2Fcomments&post=4432"}],"version-history":[{"count":0,"href":"https:\/\/www.antifaschistische-linke.de\/index.php?rest_route=\/wp\/v2\/posts\/4432\/revisions"}],"wp:featuredmedia":[{"embeddable":true,"href":"https:\/\/www.antifaschistische-linke.de\/index.php?rest_route=\/wp\/v2\/media\/4458"}],"wp:attachment":[{"href":"https:\/\/www.antifaschistische-linke.de\/index.php?rest_route=%2Fwp%2Fv2%2Fmedia&parent=4432"}],"wp:term":[{"taxonomy":"category","embeddable":true,"href":"https:\/\/www.antifaschistische-linke.de\/index.php?rest_route=%2Fwp%2Fv2%2Fcategories&post=4432"},{"taxonomy":"post_tag","embeddable":true,"href":"https:\/\/www.antifaschistische-linke.de\/index.php?rest_route=%2Fwp%2Fv2%2Ftags&post=4432"}],"curies":[{"name":"wp","href":"https:\/\/api.w.org\/{rel}","templated":true}]}}