{"id":4459,"date":"2015-10-14T10:45:00","date_gmt":"2015-10-14T08:45:00","guid":{"rendered":"http:\/\/www.antifaschistische-linke.de\/?p=4459"},"modified":"2015-10-23T19:20:52","modified_gmt":"2015-10-23T17:20:52","slug":"veranstaltungsreihe-zum-semesterstart","status":"publish","type":"post","link":"https:\/\/www.antifaschistische-linke.de\/?p=4459","title":{"rendered":"Linker Semesterstart"},"content":{"rendered":"<h3 style=\"text-align: center;\"><strong>Nicht nur zum Studieren hier? Linke Politik in Freiburg kennenlernen<\/strong><\/h3>\n<p style=\"text-align: center;\"><strong>Veranstaltungsreihe des Linken Zentrums \u00a1adelante! zum Semesterstart<\/strong><\/p>\n<p>&nbsp;<\/p>\n<p><strong>Konzert: What We Feel &amp; Enraged Minority<\/strong><\/p>\n<p><a href=\"http:\/\/www.antifaschistische-linke.de\/wp-content\/uploads\/12140569_1482066025431099_8808608643965128940_n.jpg\"><img decoding=\"async\" loading=\"lazy\" class=\" size-medium wp-image-4460 alignright\" src=\"http:\/\/www.antifaschistische-linke.de\/wp-content\/uploads\/12140569_1482066025431099_8808608643965128940_n-213x300.jpg\" alt=\"12140569_1482066025431099_8808608643965128940_n\" width=\"213\" height=\"300\" srcset=\"https:\/\/www.antifaschistische-linke.de\/wp-content\/uploads\/12140569_1482066025431099_8808608643965128940_n-213x300.jpg 213w, https:\/\/www.antifaschistische-linke.de\/wp-content\/uploads\/12140569_1482066025431099_8808608643965128940_n-128x180.jpg 128w, https:\/\/www.antifaschistische-linke.de\/wp-content\/uploads\/12140569_1482066025431099_8808608643965128940_n.jpg 682w\" sizes=\"(max-width: 213px) 100vw, 213px\" \/><\/a><strong>Donnerstag, 15.10. | 21h | White Rabbit, Leopoldring 1<\/strong><\/p>\n<p>&nbsp;<\/p>\n<p><strong>Feministischer Kneipenabend<\/strong><\/p>\n<p><strong>Frei\u00adtag, 30.10. | 19h | Linkes Zentrum \u00a1adelante!<\/strong><\/p>\n<p style=\"text-align: justify;\">Am 30.10. laden wir im Linken Zentrum zu einem feministischen Kneipenabend ein, bei dem es die M\u00f6glichkeit gibt uns auszutauschen, zu supporten und zu vernetzen oder einfach bei einem Getr\u00e4nk kennenzulernen. K\u00fchles Bier, Cocktails und diverse alkfreie Getr\u00e4nke stehen bereit. Kommt vorbei!<\/p>\n<p style=\"text-align: justify;\">Veranstaltet von: Feministische Linke Freiburg<\/p>\n<p>&nbsp;<\/p>\n<p><strong>Antifaschistischer Stadtrundgang<\/strong><\/p>\n<p><strong>Mon\u00adtag, 02.11. | 17h | Tramhaltestelle Holzmarkt<\/strong><\/p>\n<p class=\"western\" style=\"text-align: justify;\">\u201eMacht die Betriebe mobil\u2026\u201c Wo marschierten durch unsere Stadt die Anh\u00e4nger_innen des Faschismus? Wo ihre Gegner_innen? Wer widersetzte sich dem neuen Regime? Gab es einen organisierten Widerstand gegen die Macht\u00fcbertragung an die Nazis in Freiburg? Der Stadtspaziergang konzentriert sich bei diesen Fragen auf den Widerstand und die \u00f6rtlichen Aktionen aus den illegalen Arbeiterparteien. R\u00fcdiger Binkle f\u00fchrt durch ein stadthistorisches Kapitel, das lange in der offiziellen Geschichtsschreibung verdr\u00e4ngt wurde.<\/p>\n<p class=\"western\" style=\"text-align: justify;\">Veranstaltet von: Antifaschistische Linke Freiburg<\/p>\n<p>&nbsp;<\/p>\n<p><strong>Offenes Antifa-Treffen Freiburg &amp; Region<br \/>\nAb 20h Antifa-Kneipe: Fl\u00fcchtlinge willkommen hei\u00dfen, hei\u00dft Nazis bek\u00e4mpfen<\/strong><\/p>\n<p style=\"text-align: justify;\"><strong>Frei\u00adtag, 06.11. | 18h | Linkes Zentrum \u00a1adelante!<\/strong><\/p>\n<p style=\"text-align: justify;\">Im Durchschnitt finden bundesweit mehr als t\u00e4glich Angriffe auf Fl\u00fcchtlingsunterk\u00fcnfte statt. Bis zum 21. September stieg die Zahl auf 437. Damit entl\u00e4dt sich die rassistische Stimmung fast dreimal so h\u00e4ufig wie im gesamten vorherigen Jahr. Reaktion\u00e4re und rechte Strukturen wie AfD, Pegida oder NPD sch\u00fcren \u00c4ngste und nutzen die stets als unbest\u00e4ndig dargestellte Lage, um Leute zu mobilisieren und mehr Einfluss auf die Politik zu gewinnen. Rechtes und rassistisches Gedankengut r\u00fcckt dabei immer mehr in die Mitte der Gesellschaft. \u2028Der Hass zeigt sich jedoch nicht nur auf lokaler Ebene oder im Internet, auch die Regierung nimmt immer mehr Abstand von einer humanen Fl\u00fcchtlingspolitik. Immer weniger Menschen sollen aufgenommen, immer mehr so schnell wie m\u00f6glich abgeschoben werden. Anstatt sichere Fluchtrouten aufzubauen, setzen CDU und SPD darauf, schon bei der Einreise alle Begleiterscheinungen der Flucht als Kriminaldelikte einzustufen. Um weniger Menschen Asyl gew\u00e4hren zu m\u00fcssen, werden faktische Krisenl\u00e4nder wie Albanien, Montenegro und der Kosovo vom einen Tag auf den anderen als \u201esicher\u201c eingestuft. Dadurch werden nicht nur weniger Asylsuchende aufgenommen, sondern auch gleichzeitig bereits laufende Asylrechtsverfahren hinf\u00e4llig. Die Flucht wird bek\u00e4mpft, nicht die aus dem Westen exportierten Ursachen!Um auf diese menschenverachtende Politik und die lokalen Missst\u00e4nde aufmerksam zu machen, setzen wir die Antifa-Kneipe am 6. November unter das Motto \u201eRefugees Welcome!\u201c. Hierbei ergibt sich die M\u00f6glichkeit sich auszutauschen, sich \u00fcber die aktuelle Situation in Freiburg zu informieren, sowie viele Cocktails f\u00fcr einen guten Zweck zu trinken, der Erl\u00f6s geht an die \u201eAktion Bleiberecht\u201c. Auch werden wir diejenigen Strukturen n\u00e4her beleuchten welche als die geistigen Brandstifter fungieren und versuchen die Stimmung in der BRD weiter anzuheizen. Hierf\u00fcr gibt es auch in Freiburg einige Beispiele.<\/p>\n<p>Veranstaltet von: Offenes Antifatreffen Freiburg und Region<\/p>\n<p>&nbsp;<\/p>\n<p><strong>VoK\u00fc &amp; Film: the truth lies in Rostock<\/strong><br \/>\n<strong> mit einem Input des Freiburger Forums zu aktuellen antirassistischen K\u00e4mpfen in Freiburg<\/strong><\/p>\n<p><strong>Sonn\u00adtag, 08.11. | 18.30h | Linkes Zentrum \u00a1adelante!<\/strong><\/p>\n<p style=\"text-align: justify;\">Die Debatte um das Asylrecht war in den 1990er Jahren vor allem durch die Verkn\u00fcpfung von Flucht und Rassismus gepr\u00e4gt. Durch eine umfangreiche mediale Hetzkampagne flankiert, sollte dem Rassismus durch eine weitere Entrechtung von Migrant_innen entgegengewirkt werden. Auch aktuell scheint diese Debatte wieder auf, wenn nach weiteren Brandanschl\u00e4gen auf Asylunterk\u00fcnfte gefordert wird, dass &#8222;die Sorgen der Bev\u00f6lkerung ernst genommen werden\u201c m\u00fcssten. Zugleich inszeniert sich die BRD als hilfsbereite Nation und als Willkommensweltmeister. Die geplanten Entrechtungen von Gefl\u00fcchteten mit der zweiten Asylrechtsversch\u00e4rfung werden als Sachzwang vermittelt und Fl\u00fcchtlingsgruppen gegeneinander ausgespielt \u2013 und die ma\u00dfgebliche Rolle der BRD in der Gestaltung der Festung Europa ausgeblendet. Nach der Volxk\u00fcche wird uns daher das \u201eFreiburger Forum aktiv gegen Ausgrenzung\u201c die aktuelle Situation in Freiburg rund um Asylrechtsversch\u00e4rfung und bedarfsorientiere Erstaufnahmestelle (BEA) schildern. Danach m\u00f6chten wir mit euch den Film \u201ethe truth lies in Rostock\u201c anschauen, der die Brandanschl\u00e4ge gegen die Zentrale Aufnahmestelle f\u00fcr Fl\u00fcchtlinge in Rostock-Lichtenhagen 1992 und die tatenlos zuschauende Polizei dokumentiert, um uns der Parallelen zur aktuellen Situation bewusst zu werden.<\/p>\n<p>Veranstaltet von: Antifaschistische Linke Freiburg, Freiburger Forum Aktiv gegen Ausgrenzung<\/p>\n<p>&nbsp;<\/p>\n<p><strong>Veranstaltung: Der NSU-Komplex &amp; die Spur nach S\u00fcdwesten<\/strong><br \/>\n<strong> Ein Bericht aus dem Untersuchungsausschuss<\/strong><\/p>\n<p><strong>Freitag, 13.11. | 20h | White Rabbit, Leopoldring 1<\/strong><\/p>\n<p class=\"western\" style=\"text-align: justify;\">Die rassistischen Morde und Anschl\u00e4ge des \u201eNationalsozialistischen Untergrunds\u201c (NSU) und der Tod der Polizistin Mich\u00e8le Kiesewetter in Heilbronn 2007 sind noch lange nicht aufgekl\u00e4rt. Erst nach anhaltendem \u00f6ffentlichen Druck wurde unter der gr\u00fcn-roten Landesregierung ein Untersuchungsausschuss eingerichtet. Auch nach S\u00fcdwesten f\u00fchrt eine Spur des NSU. Welches Unterst\u00fctzer_innennetzwerk in Baden-W\u00fcrttemberg existierte und welche Rolle staatliche Beh\u00f6rden dabei spielten, ist weiterhin offen. Aus diesem Grund haben wir einen Aktivisten von \u201eNSU Watch Baden-W\u00fcrttemberg\u201c eingeladen. Diese Initiative beobachtet, dokumentiert und begleitet den NSU-Untersuchungsausschuss im Stuttgarter Landtag kritisch. Neben der Ver\u00f6ffentlichung eigener Protokolle und Artikel recherchiert die Initiative auch eigenst\u00e4ndig zum NSU-Komplex in Baden-W\u00fcrttemberg. Bei der Veranstaltung sollen aktuelle Entwicklungen rund um den NSU-Komplex dargestellt, Verbindungen nach S\u00fcdwesten nachgezeichnet und die Verstrickungen staatlicher Strukturen nachvollzogen werden.<\/p>\n<p class=\"western\" style=\"text-align: justify;\">Veranstaltet von: Antifaschistische Linke Freiburg, Stipendiat_innengruppe der Hans-B\u00f6ckler-Stiftung<\/p>\n<p class=\"western\" style=\"text-align: justify;\">Unterst\u00fctzt durch: DGB Stadtverband Freiburg &amp; Freiburger B\u00fcndnis gegen Rassismus und Ausgrenzung. Informationen: www.nsu-watch.info | www.bw.nsu-watch.info<\/p>\n<p>&nbsp;<\/p>\n<p><strong>Konzert: Always antifascist<\/strong><br \/>\n<strong> Tapete, Waving the Guns &amp; MC Collossus. Aftershow: Don Kanaile (Bassbl\u00fcten\/Dorfpunx), Stadts\u00e4uche (Bassbl\u00fcten)<\/strong><\/p>\n<p><strong>Freitag, 13.11. | 22h | White Rabbit, Leopoldring 1<\/strong><\/p>\n<p style=\"text-align: justify;\"><span class=\"fsl\">Das Offene Antifa Treffen Freiburg &amp; Region mobilisiert das zweite Jahr in Folge zum Energietanken, Stressabbauen und Feiern vor politischer B\u00fchne. Den Startschuss macht um 21.30 Uhr Lokal-Rapper Mc Colossus und l\u00e4utet mit gediegenen Beats den Alltags-Ausbruch im Hasenbau ein. Zweiter Act des Abends, doch stets in erster Reihe: Waving The Guns \u2013 Rostocker Randale Rap, der wie ein Pflasterstein aufs Auge passt. Gesetzestreu, ironisch, w\u00fctend heizen die Beiden ein, bis auch der letzt<span class=\"text_exposed_show\">e Quadratmeter Beton brennt. Ein Tag, so sch\u00f6n wie dieser, kann nur mit Tapete enden. Dienstleistungserschleichu<wbr \/>ngsrap aus dem Berliner Gro\u00dfstadtdschungel, schwarzfahrend vom Generalstreik durch die Unterwelt bis nach Freiburg, irgendwo zwischen Rap, HipHop, Punk und Psychedelic. Ohne Starkult und nat\u00fcrlich GEMA-frei. Ab 1 Uhr lassen wir den Abend bassgewaltig ausklingen. Die DJs Don Kanalie&amp;Stadts\u00e4uche (Dorfpunkx\/<wbr \/>Bassbluetentherapie) versorgen euch mit elektronischer Tanzmusik vom feinsten. OAT-Soliparty!<\/span><\/span><\/p>\n<p style=\"text-align: justify;\">Veranstaltet von: Offenes Antifa Treffen Freiburg &amp; Region<\/p>\n<p>&nbsp;<\/p>\n<p><strong>Offenes Antifa-Treffen Freiburg &amp; Region<\/strong><br \/>\n<strong> Ab 20h letzte Infos zu den Protesten in Weinheim<\/strong><\/p>\n<p><strong>Frei\u00adtag, 20.11. | 18h | Linkes Zentrum \u00a1adelante!<\/strong><\/p>\n<p style=\"text-align: justify;\">\u00a0Ab 20 Uhr gibts im LIZ ein letztes Infotreffen zur gemeinsamen Fahrt nach Weinheim. Hier k\u00f6nnt ihr euch die letzten Infos zur Fahrt und zu den Aktionen in Weinheim abholen. Auch wird es hier nochmals die letzte M\u00f6glichkeit geben, Tickets zu bekommen. Kommt alle mit und lasst uns gemeinsam den NPD-Bundesparteitag verhindern!<\/p>\n<p style=\"text-align: justify;\">Veranstaltet von: Offenes Antifa Treffen Freiburg &amp; Region<\/p>\n<p>&nbsp;<\/p>\n<p><strong>Bus ab Freiburg zu den Protesten gegen den Bundesparteitag der NPD in Weinheim<\/strong><br \/>\n<strong> Tickets im Linken Zentrum \u00a1adelante!<\/strong><\/p>\n<p><strong>Samstag, 21.11. | ab morgens Blockaden, 13h Demo<\/strong><\/p>\n<p style=\"text-align: justify;\">Am 21. und 22. Novem\u00adber soll zum drit\u00adten Mal in Folge der Bun\u00addes\u00adpar\u00adtei\u00adtag der <span class=\"caps\">NPD<\/span> im baden-w\u00fcrttembergischen Wein\u00adheim statt\u00adfin\u00adden. Hierzu wer\u00adden Nazis aus dem gesam\u00adten Bun\u00addes\u00adge\u00adbiet anrei\u00adsen. Das <a href=\"http:\/\/blocknpd2015.blogsport.de\">B\u00fcnd\u00adnis<\/a> \u201eBlock <span class=\"caps\">NPD<\/span>\u201c ruft dazu auf den dies\u00adj\u00e4h\u00adri\u00adgen Par\u00adtei\u00adtag durch viel\u00adf\u00e4l\u00adtige und ent\u00adschlos\u00adsene anti\u00adfa\u00adschis\u00adti\u00adsche Pro\u00adteste zu ver\u00adhin\u00addern. Auch aus Frei\u00adburg wird es eine Mobi\u00adli\u00adse\u00adrung und eine Bus-Anreise geben. Unter\u00adst\u00fctzt <a href=\"http:\/\/www.antifaschistische-linke.de\/?p=4432\">unse\u00adren Frei\u00adbur\u00adger Auf\u00adruf<\/a> und fahrt mit uns gemein\u00adsam nach Weinheim!<\/p>\n<p style=\"text-align: justify;\">Veranstaltet von: Antifaschistische Linke Freiburg, Offenes Antifa Treffen Freiburg &amp; Region<\/p>\n<p>&nbsp;<\/p>\n<p><strong>Straight Ahead Festival<\/strong><br \/>\n<strong> mit: Los Fastidios, Youth Avoiders, Between Owls, Schei\u00dfe die Bullen &amp; No Fight no glory<\/strong><\/p>\n<p><strong>Samstag, 21.11. | 21h | Altes Wasserwerk, L\u00f6rrach<\/strong><\/p>\n","protected":false},"excerpt":{"rendered":"<p>Nicht nur zum Studieren hier? Linke Politik in Freiburg kennenlernen Veranstaltungsreihe des Linken Zentrums \u00a1adelante! zum Semesterstart &nbsp; Konzert: What We Feel &amp; Enraged Minority Donnerstag, 15.10. | 21h | White Rabbit, Leopoldring 1 &nbsp; Feministischer Kneipenabend Frei\u00adtag, 30.10. | 19h | Linkes Zentrum \u00a1adelante! Am 30.10. laden wir im Linken Zentrum zu einem feministischen [&hellip;]<\/p>\n","protected":false},"author":1,"featured_media":4449,"comment_status":"closed","ping_status":"closed","sticky":false,"template":"","format":"standard","meta":[],"categories":[1],"tags":[],"_links":{"self":[{"href":"https:\/\/www.antifaschistische-linke.de\/index.php?rest_route=\/wp\/v2\/posts\/4459"}],"collection":[{"href":"https:\/\/www.antifaschistische-linke.de\/index.php?rest_route=\/wp\/v2\/posts"}],"about":[{"href":"https:\/\/www.antifaschistische-linke.de\/index.php?rest_route=\/wp\/v2\/types\/post"}],"author":[{"embeddable":true,"href":"https:\/\/www.antifaschistische-linke.de\/index.php?rest_route=\/wp\/v2\/users\/1"}],"replies":[{"embeddable":true,"href":"https:\/\/www.antifaschistische-linke.de\/index.php?rest_route=%2Fwp%2Fv2%2Fcomments&post=4459"}],"version-history":[{"count":0,"href":"https:\/\/www.antifaschistische-linke.de\/index.php?rest_route=\/wp\/v2\/posts\/4459\/revisions"}],"wp:featuredmedia":[{"embeddable":true,"href":"https:\/\/www.antifaschistische-linke.de\/index.php?rest_route=\/wp\/v2\/media\/4449"}],"wp:attachment":[{"href":"https:\/\/www.antifaschistische-linke.de\/index.php?rest_route=%2Fwp%2Fv2%2Fmedia&parent=4459"}],"wp:term":[{"taxonomy":"category","embeddable":true,"href":"https:\/\/www.antifaschistische-linke.de\/index.php?rest_route=%2Fwp%2Fv2%2Fcategories&post=4459"},{"taxonomy":"post_tag","embeddable":true,"href":"https:\/\/www.antifaschistische-linke.de\/index.php?rest_route=%2Fwp%2Fv2%2Ftags&post=4459"}],"curies":[{"name":"wp","href":"https:\/\/api.w.org\/{rel}","templated":true}]}}