{"id":4525,"date":"2015-10-29T09:22:13","date_gmt":"2015-10-29T08:22:13","guid":{"rendered":"http:\/\/www.antifaschistische-linke.de\/?p=4525"},"modified":"2015-12-04T14:04:04","modified_gmt":"2015-12-04T13:04:04","slug":"fragend-schreiten-wir-voran-unser-beitritt-in-die-interventionistische-linke-il","status":"publish","type":"post","link":"https:\/\/www.antifaschistische-linke.de\/?p=4525","title":{"rendered":"Fragend schreiten wir voran &#8211; Unser Beitritt in die interventionistische Linke (iL)"},"content":{"rendered":"<p style=\"text-align: justify;\">Fragend schreiten wir voran<\/p>\n<p style=\"text-align: justify;\">Einige werden es mitbekommen, andere es sich bereits gedacht oder auch in den k\u00fchnsten Tr\u00e4umen nicht erwartet haben. Wir haben uns entschieden, eine strategische Verabredung einzugehen: Die Antifaschistische Linke Freiburg (ALFR) ist von nun an Teil der <a href=\"http:\/\/www.interventionistische-linke.org\">Interventionistischen Linken (iL)<\/a>.<\/p>\n<p style=\"text-align: justify;\">Mit dem Beitritt in die iL m\u00f6chten wir uns in Zukunft wieder verbindlich und vertrauensvoll in \u00fcberregionale Organisierung einbringen. Wir wollen auf dieser Ebene fortf\u00fchren, was uns als Gruppe schon seit Jahren umtreibt, n\u00e4mlich &#8222;die Spal\u00adtung der Lin\u00adken \u00fcber\u00adwin\u00adden und eine soziale Gegen\u00admacht mit ent\u00adspre\u00adchen\u00adder Schlag\u00adkraft auf\u00adbauen.&#8220; In Bezug auf Relevanz und Wirkm\u00e4chtigkeit sehen wir f\u00fcr das Ringen um<br \/>\neinen linken Gegenentwurf unter antikapitalistischem Vorzeichen in der iL erhebliches Potential.<\/p>\n<p style=\"text-align: justify;\">Vor Ort wollen wir weiterhin ansprechbar sein und unsere politischen \u00dcberlegungen nun auch durch die \u00fcberregionale Organisierung in der iL weiterentwickeln.<\/p>\n<p style=\"text-align: justify;\">Unsere Entscheidung f\u00fcr diesen Organisierungsschritt m\u00f6chten wir in einem kommenden Text ausf\u00fchrlicher darlegen.<\/p>\n<p style=\"text-align: justify;\">Antifaschistische Linke Freiburg (iL), Oktober 2015<br \/>\nwww.antifaschistische-linke.de<\/p>\n","protected":false},"excerpt":{"rendered":"<p>Fragend schreiten wir voran Einige werden es mitbekommen, andere es sich bereits gedacht oder auch in den k\u00fchnsten Tr\u00e4umen nicht erwartet haben. Wir haben uns entschieden, eine strategische Verabredung einzugehen: Die Antifaschistische Linke Freiburg (ALFR) ist von nun an Teil der Interventionistischen Linken (iL). Mit dem Beitritt in die iL m\u00f6chten wir uns in Zukunft [&hellip;]<\/p>\n","protected":false},"author":1,"featured_media":4526,"comment_status":"closed","ping_status":"closed","sticky":false,"template":"","format":"standard","meta":[],"categories":[1],"tags":[],"_links":{"self":[{"href":"https:\/\/www.antifaschistische-linke.de\/index.php?rest_route=\/wp\/v2\/posts\/4525"}],"collection":[{"href":"https:\/\/www.antifaschistische-linke.de\/index.php?rest_route=\/wp\/v2\/posts"}],"about":[{"href":"https:\/\/www.antifaschistische-linke.de\/index.php?rest_route=\/wp\/v2\/types\/post"}],"author":[{"embeddable":true,"href":"https:\/\/www.antifaschistische-linke.de\/index.php?rest_route=\/wp\/v2\/users\/1"}],"replies":[{"embeddable":true,"href":"https:\/\/www.antifaschistische-linke.de\/index.php?rest_route=%2Fwp%2Fv2%2Fcomments&post=4525"}],"version-history":[{"count":0,"href":"https:\/\/www.antifaschistische-linke.de\/index.php?rest_route=\/wp\/v2\/posts\/4525\/revisions"}],"wp:featuredmedia":[{"embeddable":true,"href":"https:\/\/www.antifaschistische-linke.de\/index.php?rest_route=\/wp\/v2\/media\/4526"}],"wp:attachment":[{"href":"https:\/\/www.antifaschistische-linke.de\/index.php?rest_route=%2Fwp%2Fv2%2Fmedia&parent=4525"}],"wp:term":[{"taxonomy":"category","embeddable":true,"href":"https:\/\/www.antifaschistische-linke.de\/index.php?rest_route=%2Fwp%2Fv2%2Fcategories&post=4525"},{"taxonomy":"post_tag","embeddable":true,"href":"https:\/\/www.antifaschistische-linke.de\/index.php?rest_route=%2Fwp%2Fv2%2Ftags&post=4525"}],"curies":[{"name":"wp","href":"https:\/\/api.w.org\/{rel}","templated":true}]}}