{"id":4746,"date":"2016-04-21T09:48:41","date_gmt":"2016-04-21T07:48:41","guid":{"rendered":"http:\/\/www.antifaschistische-linke.de\/?p=4746"},"modified":"2016-04-27T18:39:43","modified_gmt":"2016-04-27T16:39:43","slug":"soliparty-zum-tag-der-befreiung","status":"publish","type":"post","link":"https:\/\/www.antifaschistische-linke.de\/?p=4746","title":{"rendered":"Stadtrundgang und Soliparty zum Tag der Befreiung am 7. Mai"},"content":{"rendered":"<p style=\"text-align: center;\"><strong>Stadtrundgang: Terror, Widerstand, Befreiung<br \/>\n| 7.Mai| 15 Uhr| Treffpunkt: Eingang der Uni-Bibliothek| kostenlos<\/strong><\/p>\n<p class=\"western\" style=\"text-align: justify;\">Freiburg und die NS-Diktatur<\/p>\n<p class=\"western\" style=\"text-align: justify;\"><a href=\"http:\/\/www.antifaschistische-linke.de\/wp-content\/uploads\/flaya1.jpg\" rel=\"attachment wp-att-4763\"><img decoding=\"async\" loading=\"lazy\" class=\"size-medium wp-image-4763 alignright\" src=\"http:\/\/www.antifaschistische-linke.de\/wp-content\/uploads\/flaya1-215x300.jpg\" alt=\"flaya1\" width=\"215\" height=\"300\" srcset=\"https:\/\/www.antifaschistische-linke.de\/wp-content\/uploads\/flaya1-215x300.jpg 215w, https:\/\/www.antifaschistische-linke.de\/wp-content\/uploads\/flaya1-734x1024.jpg 734w, https:\/\/www.antifaschistische-linke.de\/wp-content\/uploads\/flaya1.jpg 1287w\" sizes=\"(max-width: 215px) 100vw, 215px\" \/><\/a>Um Demagogen und Denunzianten, um den Widerstand aus den Arbeiterparteien und um die Befreiung vom Faschismus wird es in einem lokalgeschichtlichen Stadtspaziergang am Samstag, 7.Mai 2016 gehen. R\u00fcdiger Binkle f\u00fchrt zu Orten in Freiburg, die in der NS-Geschichte der Stadt von Bedeutung waren. Die Veranstaltung zum Jahrestag der Niederlage der Nazi-Diktatur beginnt um 15 Uhr. Treffpunkt ist vor dem Eingang der Uni-Bibliothek.<\/p>\n<p style=\"text-align: center;\"><strong>&#8222;Wer nicht feiert, hat verloren!&#8220; &#8211; Soliparty der Antifa Freiburg zum Tag der Befreiung <\/strong><\/p>\n<p style=\"text-align: center;\"><strong>07.05.16 | 23.00h | White Rabbit, Leopoldring 1 <\/strong><\/p>\n<p style=\"text-align: justify;\"><a href=\"http:\/\/www.antifaschistische-linke.de\/wp-content\/uploads\/party-1.jpg\" rel=\"attachment wp-att-4750\"><img decoding=\"async\" loading=\"lazy\" class=\"alignleft size-medium wp-image-4750\" src=\"http:\/\/www.antifaschistische-linke.de\/wp-content\/uploads\/party-1-213x300.jpg\" alt=\"party\" width=\"213\" height=\"300\" srcset=\"https:\/\/www.antifaschistische-linke.de\/wp-content\/uploads\/party-1-213x300.jpg 213w, https:\/\/www.antifaschistische-linke.de\/wp-content\/uploads\/party-1-726x1024.jpg 726w, https:\/\/www.antifaschistische-linke.de\/wp-content\/uploads\/party-1.jpg 1240w\" sizes=\"(max-width: 213px) 100vw, 213px\" \/><\/a>In vielen europ\u00e4ischen L\u00e4ndern ist der 8.Mai der &#8222;Tag der Befreiung&#8220; und offizieller Feiertag. Das offizielle Ende des deutschen Faschismus nehmen auch wir wie jedes Jahr als Grund zum Feiern. Daher werden die Seismographen am Abend des 7. Mai voraussichtlich schwere Ersch\u00fctterungen des Erdreichs aufzeichnen m\u00fcssen. Das Epizentrum wird auf H\u00f6he der Siegess\u00e4ule liegen, die voraussichtliche St\u00e4rke betr\u00e4gt 120-126 BPM. Zu diesem Anlass haben wir an diesem Abend diverse international angesehene Erdbebenexperten ins White Rabbit geladen:<\/p>\n<p style=\"text-align: justify;\">Don Kanaile [Dorfpunx\/Bassbl\u00fcte] <a class=\"moz-txt-link-freetext\" href=\"https:\/\/soundcloud.com\/donkanalie\">https:\/\/soundcloud.com\/donkanalie<\/a><\/p>\n<p style=\"text-align: justify;\">Jim Klopft [Tanz dich gl\u00fccklich] (Tech House \/ Deep Techno) <a class=\"moz-txt-link-freetext\" href=\"https:\/\/soundcloud.com\/jim-klopft\">https:\/\/soundcloud.com\/jim-klopft<\/a><\/p>\n<p style=\"text-align: justify;\">AlexisMaria [Tanz dich gl\u00fccklich] (Deep House) <a class=\"moz-txt-link-freetext\" href=\"https:\/\/soundcloud.com\/alexismaria\">https:\/\/soundcloud.com\/alexismaria<\/a><\/p>\n<p style=\"text-align: justify;\">Klopfer&amp;Grau [Tanz dich gl\u00fccklich] (Deep House \/ Tech House)<\/p>\n","protected":false},"excerpt":{"rendered":"<p>Stadtrundgang: Terror, Widerstand, Befreiung | 7.Mai| 15 Uhr| Treffpunkt: Eingang der Uni-Bibliothek| kostenlos Freiburg und die NS-Diktatur Um Demagogen und Denunzianten, um den Widerstand aus den Arbeiterparteien und um die Befreiung vom Faschismus wird es in einem lokalgeschichtlichen Stadtspaziergang am Samstag, 7.Mai 2016 gehen. R\u00fcdiger Binkle f\u00fchrt zu Orten in Freiburg, die in der NS-Geschichte [&hellip;]<\/p>\n","protected":false},"author":1,"featured_media":4749,"comment_status":"closed","ping_status":"closed","sticky":false,"template":"","format":"standard","meta":[],"categories":[1],"tags":[],"_links":{"self":[{"href":"https:\/\/www.antifaschistische-linke.de\/index.php?rest_route=\/wp\/v2\/posts\/4746"}],"collection":[{"href":"https:\/\/www.antifaschistische-linke.de\/index.php?rest_route=\/wp\/v2\/posts"}],"about":[{"href":"https:\/\/www.antifaschistische-linke.de\/index.php?rest_route=\/wp\/v2\/types\/post"}],"author":[{"embeddable":true,"href":"https:\/\/www.antifaschistische-linke.de\/index.php?rest_route=\/wp\/v2\/users\/1"}],"replies":[{"embeddable":true,"href":"https:\/\/www.antifaschistische-linke.de\/index.php?rest_route=%2Fwp%2Fv2%2Fcomments&post=4746"}],"version-history":[{"count":0,"href":"https:\/\/www.antifaschistische-linke.de\/index.php?rest_route=\/wp\/v2\/posts\/4746\/revisions"}],"wp:featuredmedia":[{"embeddable":true,"href":"https:\/\/www.antifaschistische-linke.de\/index.php?rest_route=\/wp\/v2\/media\/4749"}],"wp:attachment":[{"href":"https:\/\/www.antifaschistische-linke.de\/index.php?rest_route=%2Fwp%2Fv2%2Fmedia&parent=4746"}],"wp:term":[{"taxonomy":"category","embeddable":true,"href":"https:\/\/www.antifaschistische-linke.de\/index.php?rest_route=%2Fwp%2Fv2%2Fcategories&post=4746"},{"taxonomy":"post_tag","embeddable":true,"href":"https:\/\/www.antifaschistische-linke.de\/index.php?rest_route=%2Fwp%2Fv2%2Ftags&post=4746"}],"curies":[{"name":"wp","href":"https:\/\/api.w.org\/{rel}","templated":true}]}}