{"id":4793,"date":"2016-05-27T16:15:43","date_gmt":"2016-05-27T14:15:43","guid":{"rendered":"http:\/\/www.antifaschistische-linke.de\/?p=4793"},"modified":"2016-05-27T16:19:46","modified_gmt":"2016-05-27T14:19:46","slug":"nazis-in-tuttlingen-stoppen","status":"publish","type":"post","link":"https:\/\/www.antifaschistische-linke.de\/?p=4793","title":{"rendered":"Nazis in Tuttlingen stoppen"},"content":{"rendered":"<p style=\"text-align: justify;\">12. Juni| 15 Uhr| Proteste gegen &#8222;Nein zum Heim&#8220;| Tuttlingen<\/p>\n<p style=\"text-align: justify;\"><em>Wir unterst\u00fctzen den Aufruf der Antifaschistischen Aktion [O] Villingen-Schwenningen zu den Protesten am 12. Juni zu den Protesten gegen den Nazi-Aufmarsch von &#8222;Nein zum Heim SBH&#8220;. Kommt mit uns nach Tuttlingen!<\/em><br \/>\n_____________________________________________________<\/p>\n<p style=\"text-align: justify;\" align=\"left\">Wir rufen alle Antifaschistinnen und Antifaschisten aus der Region auf, am 12. Juni nach Tuttlingen zu kommen und den Faschisten zu zeigen, dass sie dort genauso wenig wie in Villingen, Schwenningen, Donaueschingen und anderswo, willkommen sind.<\/p>\n<p style=\"text-align: justify;\" align=\"left\">Am 12. Juni k\u00fcndigt der SBH-Gida Nachfolger \u201eNein zum Heim SBH\u201c an, um 16 Uhr in Tuttlingen auf dem Marktplatz, vor dem Rathaus aufzumarschieren. Nachdem die Nazis zu Beginn gro\u00dfspurig eine Demonstration unter dem Motto \u201eGegen Asylmissbrauch und islamischen Terror\u201c ank\u00fcndigten, sind sie nun bei der von ihnen gewohnten station\u00e4ren Kundgebung angelangt. Somit wollen die Nazis um SBH-Gida\/Nein zum Heim bei ihrem 14. Aufmarsch wieder ihr gewohntes Programm abspulen. Dennoch wird die organisierte Naziszene der gesamten Region an diesem Tag versuchen aufzulaufen und mit Tuttlingen die Bestrebung fortzusetzen, in der gesamten Region pr\u00e4sent zu sein. Federf\u00fchrend bei den Aufm\u00e4rschen ist die relativ junge, faschistische Kleinstpartei \u201eder dritte Weg\u201c.<span id=\"more-518\"><\/span><\/p>\n<p style=\"text-align: justify;\" align=\"left\">Mit ihrerm Motto, ihrer Hetze gegen Muslime und MirgranntInnen versuchen die Faschisten gezielt die bestehende Unzufriedenheit und die Angst vor Arbeitslosigkeit und prek\u00e4rer Zukunft welche in Teilen der Bev\u00f6lkerung herrscht, zu nutzen und in eine rassistische Stimmung zu wandeln. Es ist das bekannte Muster der Faschisten S\u00fcndenb\u00f6cke f\u00fcr die gesellschaftliche Misere zu liefern, sich selbst als Heilsbringer zu pr\u00e4esentieren und die Unzufriedenheit und Wut in reaktion\u00e4re Bahnen zu lenken. Die Folgen davon in letzter Konsequenz sind Gewalt und Terror gegen MigrantInnen, Andersdenkende und Linke.<\/p>\n<p style=\"text-align: justify;\" align=\"left\">Treten wir gemeinsam den Spaltungsversuchen der Rechten entgegen.<br \/>\nSetzen wir uns ein f\u00fcr eine Gesellschaftsordnung in der die Menschen solidarisch zusammen leben, in der alle, unabh\u00e4ngig von ihrer Herkunft und ihrem Geschlecht, die gleichen Rechte und M\u00f6glichkeiten haben und nicht in Konkurrenz zueinander stehen.<\/p>\n<p style=\"text-align: justify;\" align=\"left\">Kommt am 12. Juni nach Tuttlingen. Kein Platz den rechten Hetzern und Faschisten. Darum\u2026 Antifa solidarisch &amp; Konsequent.\u00a0 Achtet auf Ank\u00fcndigungen. Ab 15.00 Uhr findet in der N\u00e4he des Marktplatzes eine antifaschistische <a href=\"https:\/\/www.facebook.com\/Aufstehen-gegen-Rassismus-Tuttlingen-1583015348656740\/\">B\u00fcndniskundgebung<\/a> statt.<\/p>\n","protected":false},"excerpt":{"rendered":"<p>12. Juni| 15 Uhr| Proteste gegen &#8222;Nein zum Heim&#8220;| Tuttlingen Wir unterst\u00fctzen den Aufruf der Antifaschistischen Aktion [O] Villingen-Schwenningen zu den Protesten am 12. Juni zu den Protesten gegen den Nazi-Aufmarsch von &#8222;Nein zum Heim SBH&#8220;. Kommt mit uns nach Tuttlingen! _____________________________________________________ Wir rufen alle Antifaschistinnen und Antifaschisten aus der Region auf, am 12. Juni [&hellip;]<\/p>\n","protected":false},"author":1,"featured_media":4794,"comment_status":"closed","ping_status":"closed","sticky":false,"template":"","format":"standard","meta":[],"categories":[1,820,7],"tags":[879,903,19,902,904,901],"_links":{"self":[{"href":"https:\/\/www.antifaschistische-linke.de\/index.php?rest_route=\/wp\/v2\/posts\/4793"}],"collection":[{"href":"https:\/\/www.antifaschistische-linke.de\/index.php?rest_route=\/wp\/v2\/posts"}],"about":[{"href":"https:\/\/www.antifaschistische-linke.de\/index.php?rest_route=\/wp\/v2\/types\/post"}],"author":[{"embeddable":true,"href":"https:\/\/www.antifaschistische-linke.de\/index.php?rest_route=\/wp\/v2\/users\/1"}],"replies":[{"embeddable":true,"href":"https:\/\/www.antifaschistische-linke.de\/index.php?rest_route=%2Fwp%2Fv2%2Fcomments&post=4793"}],"version-history":[{"count":0,"href":"https:\/\/www.antifaschistische-linke.de\/index.php?rest_route=\/wp\/v2\/posts\/4793\/revisions"}],"wp:featuredmedia":[{"embeddable":true,"href":"https:\/\/www.antifaschistische-linke.de\/index.php?rest_route=\/wp\/v2\/media\/4794"}],"wp:attachment":[{"href":"https:\/\/www.antifaschistische-linke.de\/index.php?rest_route=%2Fwp%2Fv2%2Fmedia&parent=4793"}],"wp:term":[{"taxonomy":"category","embeddable":true,"href":"https:\/\/www.antifaschistische-linke.de\/index.php?rest_route=%2Fwp%2Fv2%2Fcategories&post=4793"},{"taxonomy":"post_tag","embeddable":true,"href":"https:\/\/www.antifaschistische-linke.de\/index.php?rest_route=%2Fwp%2Fv2%2Ftags&post=4793"}],"curies":[{"name":"wp","href":"https:\/\/api.w.org\/{rel}","templated":true}]}}