{"id":4800,"date":"2016-06-06T13:28:41","date_gmt":"2016-06-06T11:28:41","guid":{"rendered":"http:\/\/www.antifaschistische-linke.de\/?p=4800"},"modified":"2016-06-06T13:28:41","modified_gmt":"2016-06-06T11:28:41","slug":"gemeinsam-kaempfen-gemeinsam-feiern-4-jahre-linkes-zentrum-adelante","status":"publish","type":"post","link":"https:\/\/www.antifaschistische-linke.de\/?p=4800","title":{"rendered":"Gemeinsam k\u00e4mpfen &#8211; gemeinsam feiern: 4 Jahre Linkes Zentrum \u00a1adelante!"},"content":{"rendered":"<p style=\"text-align: justify;\">Gro\u00dfes Sommerfest am 18 Juni | ab 15 Uhr | Gl\u00fcmerstra\u00dfe 2<\/p>\n<p style=\"text-align: justify;\">Vor ungef\u00e4hr 4 Jahren ist das \u00a1adelante! als linkes Zentrum in der Freiburger Wiehre entstanden. Von Unten und von Links wird hier seitdem selbstverwaltet und in Eigenorganisation emanzipatorisch Politik gemacht und verbreitet. Der Anspruch war dabei stets \u00fcber Szenegrenzen hinaus zu wirken, sich an gesellschaftlichen Debatten zu beteiligen und in politische Prozesse zu intervenieren. So hat sich das Linke Zentrum nicht nur zur Heimat unterschiedlicher Gruppen und Treffen entwickelt, sondern ist auch eine wichtige Anlaufstelle in Freiburg f\u00fcr linke und antifaschistische Politik geworden. Der Weg dahin, wo wir heute stehen, war lang und ereignisreich. Unz\u00e4hlige Veranstaltungen von Soli-Partys und Konzerten, \u00fcber Vortr\u00e4ge und Filmvorf\u00fchrungen, bis hin zu Kneipenabenden und Sommerfesten wurde organisiert, Aktionen und Demos geplant und unterst\u00fctzt, Repression \u00fcberstanden und sich stets offen solidarisiert!\u00a0 Deshalb wollen wir am 18. Juni diesen \u2013 unseren \u2013 4. Geburtstag mit einem Stra\u00dfenfest geb\u00fchrend feiern. Mit Livemusik, Kinderprogramm, Streetfood und Infost\u00e4nden, an denen das \u00a1adelante! und alle im Linken Zentrum aktiven Gruppen sich vorstellen werden, m\u00f6chten wir nicht nur einen Einblick in unsere Arbeit geben, sondern mit all unseren Freund_innen und Genoss_innen, sowie jedem Menschen, der sich mit uns verbunden f\u00fchlt oder noch kennenlernen m\u00f6chte, auf das anzusto\u00dfen, was wir schon erreicht haben und noch erreichen werden\u2026 gemeinsam &amp; solidarisch. One Class, One Struggle! Euer linkes Zentrum \u00a1adelante!<\/p>\n","protected":false},"excerpt":{"rendered":"<p>Gro\u00dfes Sommerfest am 18 Juni | ab 15 Uhr | Gl\u00fcmerstra\u00dfe 2 Vor ungef\u00e4hr 4 Jahren ist das \u00a1adelante! als linkes Zentrum in der Freiburger Wiehre entstanden. Von Unten und von Links wird hier seitdem selbstverwaltet und in Eigenorganisation emanzipatorisch Politik gemacht und verbreitet. Der Anspruch war dabei stets \u00fcber Szenegrenzen hinaus zu wirken, sich [&hellip;]<\/p>\n","protected":false},"author":1,"featured_media":4801,"comment_status":"closed","ping_status":"closed","sticky":false,"template":"","format":"standard","meta":[],"categories":[10,1,820,8,790,6,4,317,7,11],"tags":[34,320,89,853,906,905],"_links":{"self":[{"href":"https:\/\/www.antifaschistische-linke.de\/index.php?rest_route=\/wp\/v2\/posts\/4800"}],"collection":[{"href":"https:\/\/www.antifaschistische-linke.de\/index.php?rest_route=\/wp\/v2\/posts"}],"about":[{"href":"https:\/\/www.antifaschistische-linke.de\/index.php?rest_route=\/wp\/v2\/types\/post"}],"author":[{"embeddable":true,"href":"https:\/\/www.antifaschistische-linke.de\/index.php?rest_route=\/wp\/v2\/users\/1"}],"replies":[{"embeddable":true,"href":"https:\/\/www.antifaschistische-linke.de\/index.php?rest_route=%2Fwp%2Fv2%2Fcomments&post=4800"}],"version-history":[{"count":0,"href":"https:\/\/www.antifaschistische-linke.de\/index.php?rest_route=\/wp\/v2\/posts\/4800\/revisions"}],"wp:featuredmedia":[{"embeddable":true,"href":"https:\/\/www.antifaschistische-linke.de\/index.php?rest_route=\/wp\/v2\/media\/4801"}],"wp:attachment":[{"href":"https:\/\/www.antifaschistische-linke.de\/index.php?rest_route=%2Fwp%2Fv2%2Fmedia&parent=4800"}],"wp:term":[{"taxonomy":"category","embeddable":true,"href":"https:\/\/www.antifaschistische-linke.de\/index.php?rest_route=%2Fwp%2Fv2%2Fcategories&post=4800"},{"taxonomy":"post_tag","embeddable":true,"href":"https:\/\/www.antifaschistische-linke.de\/index.php?rest_route=%2Fwp%2Fv2%2Ftags&post=4800"}],"curies":[{"name":"wp","href":"https:\/\/api.w.org\/{rel}","templated":true}]}}