{"id":4871,"date":"2016-10-03T12:46:06","date_gmt":"2016-10-03T10:46:06","guid":{"rendered":"http:\/\/www.antifaschistische-linke.de\/?p=4871"},"modified":"2016-10-03T12:46:06","modified_gmt":"2016-10-03T10:46:06","slug":"black-lives-matter-vortrag-zu-polizeigewalt-und-rassismus-in-den-usa","status":"publish","type":"post","link":"https:\/\/www.antifaschistische-linke.de\/?p=4871","title":{"rendered":"Black Lives Matter! Vortrag zu Polizeigewalt und Rassismus in den USA"},"content":{"rendered":"<p><a href=\"http:\/\/www.antifaschistische-linke.de\/wp-content\/uploads\/11269984_482012645289194_433301279_n.jpg\" rel=\"attachment wp-att-4872\"><img decoding=\"async\" loading=\"lazy\" class=\"alignleft size-medium wp-image-4872\" src=\"http:\/\/www.antifaschistische-linke.de\/wp-content\/uploads\/11269984_482012645289194_433301279_n-300x213.jpg\" alt=\"11269984_482012645289194_433301279_n\" width=\"300\" height=\"213\" srcset=\"https:\/\/www.antifaschistische-linke.de\/wp-content\/uploads\/11269984_482012645289194_433301279_n-300x213.jpg 300w, https:\/\/www.antifaschistische-linke.de\/wp-content\/uploads\/11269984_482012645289194_433301279_n.jpg 420w\" sizes=\"(max-width: 300px) 100vw, 300px\" \/><\/a><\/p>\n<p><strong>27.10.2016 | 19 Uhr | Linkes Zentrum \u00a1adelante!, Gl\u00fcmerstra\u00dfe 2 | #semesterstart16<\/strong><\/p>\n<p>Black Lives Matter!<br \/>\nPolizeigewalt, die Gef\u00e4ngnisindustrie und institutioneller Rassismus in den USA<\/p>\n<p>&#8218;Nachdem der unbewaffnete, schwarze Teenager Mike Brown in Ferguson, Missouri im August 2014 von einem wei\u00dfen Polizisten erschossen wurde, folgten massive Proteste, die sich schnell \u00fcber die ganze USA ausbreiteten und noch immer nach aktuellen Vorf\u00e4llen wie die in Baton Rouge, La und vielen anderen St\u00e4dten anhalten. Kampagnen wie Hands Up, Don&#8217;t Shoot und Black Lives Matter machen seitdem mit prominenten und medienwirksamen Aktionen auf institutionellen Rassismus aufmerksam. Eine Reise in die gr\u00f6\u00dfte Gef\u00e4ngnisnation der Welt, in der selbst 50 Jahre nach der B\u00fcrgerrechtsbewegung mehr schwarze M\u00e4nner Haftstrafen absitzen, als 1850 in den S\u00fcdstaaten versklavt waren.<\/p>\n<p>Der Bildervortrag von Emily Laquer, ehemals Mitglied von Berkeley Copwatch, beleuchtet Zusammenh\u00e4nge der US-amerikanischen Justiz, sucht nach historischen und politischen Gr\u00fcnden f\u00fcr staatlichen Rassismus und zeigt Bilder einer wachsenden neuen B\u00fcrgerrechtsbewegung.<\/p>\n","protected":false},"excerpt":{"rendered":"<p>27.10.2016 | 19 Uhr | Linkes Zentrum \u00a1adelante!, Gl\u00fcmerstra\u00dfe 2 | #semesterstart16 Black Lives Matter! Polizeigewalt, die Gef\u00e4ngnisindustrie und institutioneller Rassismus in den USA &#8218;Nachdem der unbewaffnete, schwarze Teenager Mike Brown in Ferguson, Missouri im August 2014 von einem wei\u00dfen Polizisten erschossen wurde, folgten massive Proteste, die sich schnell \u00fcber die ganze USA ausbreiteten und [&hellip;]<\/p>\n","protected":false},"author":1,"featured_media":4872,"comment_status":"closed","ping_status":"closed","sticky":false,"template":"","format":"standard","meta":[],"categories":[7],"tags":[913,912,915,84,23,914],"_links":{"self":[{"href":"https:\/\/www.antifaschistische-linke.de\/index.php?rest_route=\/wp\/v2\/posts\/4871"}],"collection":[{"href":"https:\/\/www.antifaschistische-linke.de\/index.php?rest_route=\/wp\/v2\/posts"}],"about":[{"href":"https:\/\/www.antifaschistische-linke.de\/index.php?rest_route=\/wp\/v2\/types\/post"}],"author":[{"embeddable":true,"href":"https:\/\/www.antifaschistische-linke.de\/index.php?rest_route=\/wp\/v2\/users\/1"}],"replies":[{"embeddable":true,"href":"https:\/\/www.antifaschistische-linke.de\/index.php?rest_route=%2Fwp%2Fv2%2Fcomments&post=4871"}],"version-history":[{"count":0,"href":"https:\/\/www.antifaschistische-linke.de\/index.php?rest_route=\/wp\/v2\/posts\/4871\/revisions"}],"wp:featuredmedia":[{"embeddable":true,"href":"https:\/\/www.antifaschistische-linke.de\/index.php?rest_route=\/wp\/v2\/media\/4872"}],"wp:attachment":[{"href":"https:\/\/www.antifaschistische-linke.de\/index.php?rest_route=%2Fwp%2Fv2%2Fmedia&parent=4871"}],"wp:term":[{"taxonomy":"category","embeddable":true,"href":"https:\/\/www.antifaschistische-linke.de\/index.php?rest_route=%2Fwp%2Fv2%2Fcategories&post=4871"},{"taxonomy":"post_tag","embeddable":true,"href":"https:\/\/www.antifaschistische-linke.de\/index.php?rest_route=%2Fwp%2Fv2%2Ftags&post=4871"}],"curies":[{"name":"wp","href":"https:\/\/api.w.org\/{rel}","templated":true}]}}