{"id":49,"date":"2009-07-15T13:39:11","date_gmt":"2009-07-15T11:39:11","guid":{"rendered":"http:\/\/alfr.blogsport.de\/2009\/07\/15\/unsere-antifakneipe-im-susi-cafa-im-freiburger-stadtteil-vauban\/"},"modified":"2009-07-15T13:39:11","modified_gmt":"2009-07-15T11:39:11","slug":"unsere-antifakneipe-im-susi-cafa-im-freiburger-stadtteil-vauban","status":"publish","type":"post","link":"https:\/\/www.antifaschistische-linke.de\/?p=49","title":{"rendered":"Unsere Antifakneipe im SUSI-Caf\u00e9 im Freiburger Stadtteil Vauban"},"content":{"rendered":"<p><img decoding=\"async\" src=\"http:\/\/www.antifaschistische-linke.de\/Bilder\/susicafe.JPG\" align=\"left\" alt=\"SUSI-Caf\u00e9\" \/>Unsere Antifakneipe findet an <strong>jedem dritten Mittwoch im Monat ab 20:00 Uhr im SUSI-Caf\u00e9<\/strong> im Freiburger Stadteil Vauban statt. Jeden Monat behandeln wir in diesem Rahmen verschiedenste linke Themen mit k\u00fcrzeren oder l\u00e4ngeren Vortr\u00e4gen und zeigen jedesmal einen interessanten Film. Dar\u00fcber hinaus gibt es immer k\u00fchle Getr\u00e4nke, leckere Snacks und unglaublich gute Musik.<!--more--><\/p>\n<p>Das SUSI-Caf\u00e9 ist ein Teil des gleichnahmigen linken Wohnprojektes <a href=\"http:\/\/www.susi-projekt.de\/\">\u201e<u>s<\/u>elbstorganisierte, <u>u<\/u>nabh\u00e4ngige <u>S<\/u>iedlungs<u>i<\/u>nitiative\u201c<\/a> und ist ziemlich einfach zu erreichen. Der Ort bietet viel Platz, hat einen wundersch\u00f6nen Kicker und eine nette Atmosph\u00e4re zum Quatschen und Trinken.<\/p>\n<p>Mit dem <strong>Fahrrad<\/strong> m\u00fcsst ihr die Merzhauserstra\u00dfe in Richtung Vauban ganz durchfahren und dann am Paula-Modersohn-Platz rechts in die Vaubanallee einbiegen. Dann seht ihr schon das kleine Caf\u00e9 an der Ecke rechts. Mit der <strong>Stra\u00dfenbahn<\/strong> nehmt ihr die Linie 3 Richtung Vauban und steigt an der Haltestelle Paula-Modersohn-Platz aus. Mit dem <strong>Auto<\/strong> gehts wie mit dem Fahrrad, nur etwas umst\u00e4ndlicher, weil es in der Vauban nicht gen\u00fcgend Parkpl\u00e4tze gibt. Zur noch besseren Orientierung hier die <a href=\"http:\/\/maps.google.com\/maps?q=- sll=47974434,7828076&#038;cid=9087995891100262885&#038;li=lmd\">Position des Caf\u00e9s<\/a> bei google-Maps.<\/p>\n<p>Wir freuen uns, wenn ihr unsere Verasntaltungen im SUSI-Caf\u00e9 besucht und w\u00fcnschen uns auch immer gerne Kritik und Verbesserungsvorschl\u00e4ge.<\/p>\n<p><strong>SUSI-Caf\u00e9 &#8211; Vaubanallee 2a &#8211; 79100 Freiburg<\/strong><\/p>\n","protected":false},"excerpt":{"rendered":"<p>Unsere Antifakneipe findet an jedem dritten Mittwoch im Monat ab 20:00 Uhr im SUSI-Caf\u00e9 im Freiburger Stadteil Vauban statt. Jeden Monat behandeln wir in diesem Rahmen verschiedenste linke Themen mit k\u00fcrzeren oder l\u00e4ngeren Vortr\u00e4gen und zeigen jedesmal einen interessanten Film. Dar\u00fcber hinaus gibt es immer k\u00fchle Getr\u00e4nke, leckere Snacks und unglaublich gute Musik.<\/p>\n","protected":false},"author":1,"featured_media":0,"comment_status":"closed","ping_status":"closed","sticky":false,"template":"","format":"standard","meta":[],"categories":[1],"tags":[],"_links":{"self":[{"href":"https:\/\/www.antifaschistische-linke.de\/index.php?rest_route=\/wp\/v2\/posts\/49"}],"collection":[{"href":"https:\/\/www.antifaschistische-linke.de\/index.php?rest_route=\/wp\/v2\/posts"}],"about":[{"href":"https:\/\/www.antifaschistische-linke.de\/index.php?rest_route=\/wp\/v2\/types\/post"}],"author":[{"embeddable":true,"href":"https:\/\/www.antifaschistische-linke.de\/index.php?rest_route=\/wp\/v2\/users\/1"}],"replies":[{"embeddable":true,"href":"https:\/\/www.antifaschistische-linke.de\/index.php?rest_route=%2Fwp%2Fv2%2Fcomments&post=49"}],"version-history":[{"count":0,"href":"https:\/\/www.antifaschistische-linke.de\/index.php?rest_route=\/wp\/v2\/posts\/49\/revisions"}],"wp:attachment":[{"href":"https:\/\/www.antifaschistische-linke.de\/index.php?rest_route=%2Fwp%2Fv2%2Fmedia&parent=49"}],"wp:term":[{"taxonomy":"category","embeddable":true,"href":"https:\/\/www.antifaschistische-linke.de\/index.php?rest_route=%2Fwp%2Fv2%2Fcategories&post=49"},{"taxonomy":"post_tag","embeddable":true,"href":"https:\/\/www.antifaschistische-linke.de\/index.php?rest_route=%2Fwp%2Fv2%2Ftags&post=49"}],"curies":[{"name":"wp","href":"https:\/\/api.w.org\/{rel}","templated":true}]}}