{"id":4935,"date":"2016-10-11T15:28:38","date_gmt":"2016-10-11T13:28:38","guid":{"rendered":"http:\/\/www.antifaschistische-linke.de\/?p=4935"},"modified":"2016-10-11T15:28:38","modified_gmt":"2016-10-11T13:28:38","slug":"film-die-angst-wegschmeissen","status":"publish","type":"post","link":"https:\/\/www.antifaschistische-linke.de\/?p=4935","title":{"rendered":"Film: Die Angst wegschmei\u00dfen"},"content":{"rendered":"<p style=\"text-align: justify;\"><strong>Frei\u00adtag, 14.10. | 19h | Linkes Zentrum \u00a1adelante!<\/strong><\/p>\n<p style=\"text-align: justify;\">Seit 2008 ist Norditalien Schauplatz ungew\u00f6hnlicher Ereignisse. Unternehmen, Politik und Medien nutzen den Kriseneinbruch, um die ohnehin schon br\u00f6ckelnden Arbeiter_innenrechte weiter auszuh\u00f6hlen; auf der anderen Seite formiert sich jedoch gerade am untersten Ende der Lohnskala ein lebendiger und schlagkr\u00e4ftiger Widerstand. Durch solidarische und effektive Organisierung gelingt es den prek\u00e4ren und gr\u00f6\u00dftenteils migrantischen Arbeiter_innen in der Logistikbranche, sich aus ihrer Isolation und ihren erniedrigenden Arbeitsverh\u00e4ltnissen herauszuk\u00e4mpfen. Ein Kampf, der nicht nur ihre Arbeitsbedingungen, sondern ihr ganzes Leben ver\u00e4ndert. Ein Film von labournet.tv \u00fcber den aktuellen Kampfzyklus der italienischen Logistikarbeiter_innen. Ab 21h Kneipe mit Cocktails, Tapas und der Interventionistischen Linken.<\/p>\n<p style=\"text-align: justify;\"><a href=\"http:\/\/de.labournet.tv\/die-angst-wegschmeissen-trailer\">Hier<\/a> der Trailer und <a href=\"http:\/\/de.labournet.tv\/die-angst-wegschmeissen\">hier<\/a> der ganze Film auf labournet.tv<\/p>\n<p style=\"text-align: justify;\">Die Veranstaltung findet im Rahmen des Semesterstarts des Linken Zentrums \u00a1adelante! statt. <a href=\"http:\/\/www.antifaschistische-linke.de\/?p=4880\">Hier<\/a> geht es zum gesamten Programm.<\/p>\n","protected":false},"excerpt":{"rendered":"<p>Frei\u00adtag, 14.10. | 19h | Linkes Zentrum \u00a1adelante! Seit 2008 ist Norditalien Schauplatz ungew\u00f6hnlicher Ereignisse. Unternehmen, Politik und Medien nutzen den Kriseneinbruch, um die ohnehin schon br\u00f6ckelnden Arbeiter_innenrechte weiter auszuh\u00f6hlen; auf der anderen Seite formiert sich jedoch gerade am untersten Ende der Lohnskala ein lebendiger und schlagkr\u00e4ftiger Widerstand. Durch solidarische und effektive Organisierung gelingt es [&hellip;]<\/p>\n","protected":false},"author":1,"featured_media":4879,"comment_status":"closed","ping_status":"closed","sticky":false,"template":"","format":"standard","meta":[],"categories":[1,6,642,4,7,11],"tags":[88,193,881,919,89,917,352],"_links":{"self":[{"href":"https:\/\/www.antifaschistische-linke.de\/index.php?rest_route=\/wp\/v2\/posts\/4935"}],"collection":[{"href":"https:\/\/www.antifaschistische-linke.de\/index.php?rest_route=\/wp\/v2\/posts"}],"about":[{"href":"https:\/\/www.antifaschistische-linke.de\/index.php?rest_route=\/wp\/v2\/types\/post"}],"author":[{"embeddable":true,"href":"https:\/\/www.antifaschistische-linke.de\/index.php?rest_route=\/wp\/v2\/users\/1"}],"replies":[{"embeddable":true,"href":"https:\/\/www.antifaschistische-linke.de\/index.php?rest_route=%2Fwp%2Fv2%2Fcomments&post=4935"}],"version-history":[{"count":0,"href":"https:\/\/www.antifaschistische-linke.de\/index.php?rest_route=\/wp\/v2\/posts\/4935\/revisions"}],"wp:featuredmedia":[{"embeddable":true,"href":"https:\/\/www.antifaschistische-linke.de\/index.php?rest_route=\/wp\/v2\/media\/4879"}],"wp:attachment":[{"href":"https:\/\/www.antifaschistische-linke.de\/index.php?rest_route=%2Fwp%2Fv2%2Fmedia&parent=4935"}],"wp:term":[{"taxonomy":"category","embeddable":true,"href":"https:\/\/www.antifaschistische-linke.de\/index.php?rest_route=%2Fwp%2Fv2%2Fcategories&post=4935"},{"taxonomy":"post_tag","embeddable":true,"href":"https:\/\/www.antifaschistische-linke.de\/index.php?rest_route=%2Fwp%2Fv2%2Ftags&post=4935"}],"curies":[{"name":"wp","href":"https:\/\/api.w.org\/{rel}","templated":true}]}}