{"id":4945,"date":"2016-10-14T17:04:45","date_gmt":"2016-10-14T15:04:45","guid":{"rendered":"http:\/\/www.antifaschistische-linke.de\/?p=4945"},"modified":"2016-10-14T17:10:08","modified_gmt":"2016-10-14T15:10:08","slug":"von-wyhl-bis-zum-rasthaus-ein-zeitgeschichtlicher-stadtrundgang-zu-linken-bewegungen-und-projekten-in-freiburg","status":"publish","type":"post","link":"https:\/\/www.antifaschistische-linke.de\/?p=4945","title":{"rendered":"Von Wyhl bis zum Rasthaus &#8211; Ein zeitgeschichtlicher Stadtrundgang zu linken Bewegungen und Projekten in Freiburg"},"content":{"rendered":"<p><strong>Von Wyhl bis zum Rasthaus &#8211; Ein zeitgeschichtlicher Stadtrundgang zu linken Bewegungen und Projekten in Freiburg mit Birgit Heidtke.<\/strong><br \/>\n<strong>Dienstag, 18.10. | 17h | Linkes Zentrum \u00a1adelante! <\/strong><\/p>\n<p class=\"western\" style=\"text-align: justify;\">\u00a0Zuerst f\u00fchrt uns unsere Besichtigungstour f\u00fcr Einsteiger_innen zum Buchladen Jos Fritz, der 1975 als politischer Buch- und Infoladen gegr\u00fcndet wurde und der Rundgang endet auf dem Grethergel\u00e4nde, wo mit Radio Dreyeckland, der Rosa Hilfe, dem Feministischen Zentrum und dem Rasthaus aktive linke Projekte zu finden sind. Unterwegs besichtigen wir auch verschwundene und vergessene Orte linker Geschichte in Freiburg und suchen Antworten auf Fragen, die wahrscheinich noch nie gestellt wurden. So geht es u.a. um den Kampf gegen das (nicht gebaute) AKW Wyhl am Kaiserstuhl, um das Freiburger Frauenkollektiv, um H\u00e4userkampf und autonome Zentren und den Volksz\u00e4hlungsboycott. Viel Material zum Anschauen und Anfassen und Songs sowie andere O-T\u00f6ne sind mit dabei. Start: Linkes Zentrum \u00a1adelante!, Gl\u00fcmerstra\u00dfe 2<\/p>\n<p>Gef\u00f6rdert durch die <a href=\"http:\/\/www.bw.rosalux.de\/\">Rosa-Luxemburg Stiftung Baden-W\u00fcrttemberg<\/a>.<\/p>\n","protected":false},"excerpt":{"rendered":"<p>Von Wyhl bis zum Rasthaus &#8211; Ein zeitgeschichtlicher Stadtrundgang zu linken Bewegungen und Projekten in Freiburg mit Birgit Heidtke. Dienstag, 18.10. | 17h | Linkes Zentrum \u00a1adelante! \u00a0Zuerst f\u00fchrt uns unsere Besichtigungstour f\u00fcr Einsteiger_innen zum Buchladen Jos Fritz, der 1975 als politischer Buch- und Infoladen gegr\u00fcndet wurde und der Rundgang endet auf dem Grethergel\u00e4nde, wo [&hellip;]<\/p>\n","protected":false},"author":1,"featured_media":4948,"comment_status":"closed","ping_status":"closed","sticky":false,"template":"","format":"standard","meta":[],"categories":[10,4,317,7,11],"tags":[13,432,89,920,917,921,918],"_links":{"self":[{"href":"https:\/\/www.antifaschistische-linke.de\/index.php?rest_route=\/wp\/v2\/posts\/4945"}],"collection":[{"href":"https:\/\/www.antifaschistische-linke.de\/index.php?rest_route=\/wp\/v2\/posts"}],"about":[{"href":"https:\/\/www.antifaschistische-linke.de\/index.php?rest_route=\/wp\/v2\/types\/post"}],"author":[{"embeddable":true,"href":"https:\/\/www.antifaschistische-linke.de\/index.php?rest_route=\/wp\/v2\/users\/1"}],"replies":[{"embeddable":true,"href":"https:\/\/www.antifaschistische-linke.de\/index.php?rest_route=%2Fwp%2Fv2%2Fcomments&post=4945"}],"version-history":[{"count":0,"href":"https:\/\/www.antifaschistische-linke.de\/index.php?rest_route=\/wp\/v2\/posts\/4945\/revisions"}],"wp:featuredmedia":[{"embeddable":true,"href":"https:\/\/www.antifaschistische-linke.de\/index.php?rest_route=\/wp\/v2\/media\/4948"}],"wp:attachment":[{"href":"https:\/\/www.antifaschistische-linke.de\/index.php?rest_route=%2Fwp%2Fv2%2Fmedia&parent=4945"}],"wp:term":[{"taxonomy":"category","embeddable":true,"href":"https:\/\/www.antifaschistische-linke.de\/index.php?rest_route=%2Fwp%2Fv2%2Fcategories&post=4945"},{"taxonomy":"post_tag","embeddable":true,"href":"https:\/\/www.antifaschistische-linke.de\/index.php?rest_route=%2Fwp%2Fv2%2Ftags&post=4945"}],"curies":[{"name":"wp","href":"https:\/\/api.w.org\/{rel}","templated":true}]}}