{"id":4954,"date":"2016-10-21T09:14:54","date_gmt":"2016-10-21T07:14:54","guid":{"rendered":"http:\/\/www.antifaschistische-linke.de\/?p=4954"},"modified":"2016-10-31T08:33:08","modified_gmt":"2016-10-31T07:33:08","slug":"widerstand-gegen-das-prinzip-amazon","status":"publish","type":"post","link":"https:\/\/www.antifaschistische-linke.de\/?p=4954","title":{"rendered":"Widerstand gegen das Prinzip Amazon"},"content":{"rendered":"<p><strong>Widerstand gegen das Prinzip Amazon<\/strong><br \/>\n<strong>Ein Vortrag vom Streik-Solidarit\u00e4tsb\u00fcndnis Leipzig \u00fcber den Arbeitskampf der Besch\u00e4ftigten bei Amazon.<\/strong><br \/>\n<strong>Freitag, 11.11. | 20h | Linkes Zentrum \u00a1adelante!<\/strong><\/p>\n<p style=\"text-align: justify;\">Seit mehr als drei Jahren befinden sich die Besch\u00e4ftigten von Amazon im Streik. F\u00fcr Unzufriedenheit sorgen nicht nur die niedrigen L\u00f6hne und die Tatsache, dass der Konzern bis heute die Aufnahme von Tarifverhandlungen verweigert, sondern auch die unzureichenden Pausenregelungen, die hohe Kontrolldichte am Arbeitsplatz und Schikanen durch Vorgesetzte. Das Leipziger Streiksoli-B\u00fcndnis unterst\u00fctzt seit Juni 2013 den Arbeitskampf der Leipziger Amazon-Kolleg_innen. Die politische Kontextualisierung und gezielte Verbindung von Arbeits- mit anderen sozialen K\u00e4mpfen sehen wir als M\u00f6glichkeiten, um streikende Belegschaften zu st\u00e4rken und den Kampf um Arbeitsverh\u00e4ltnisse wieder zum Schauplatz linker Politik zu machen. Wir werden von unserer bisherigen Arbeit berichten und wollen gemeinsam mit euch die Perspektiven linker Interventionen in Arbeitsk\u00e4mpfe diskutieren. Gefragt werden soll danach, welche Formen und Orte des Austauschs zwischen Besch\u00e4ftigten, Gewerkschaften und Streiksolidarit\u00e4tsgruppen notwendig sind, um an bestehende Erfahrungen ankn\u00fcpfen und gemeinsame Lernprozesse organisieren zu k\u00f6nnen und wie es m\u00f6glich ist, die bisher vereinzelten Konflikte zu vernetzen und zu gesamtgesellschaftlichen Auseinandersetzungen zu machen.<\/p>\n<p>Gef\u00f6rdert durch die <a href=\"http:\/\/www.bw.rosalux.de\/\">Rosa-Luxemburg Stiftung Baden-W\u00fcrttemberg<\/a> und mit der Unterst\u00fctzung von <a href=\"https:\/\/suedbaden.verdi.de\/ueber-uns\/ortsvereine\/ortsverein-freiburg\">ver.di &#8211; Ortsverein Freiburg<\/a>.<\/p>\n","protected":false},"excerpt":{"rendered":"<p>Widerstand gegen das Prinzip Amazon Ein Vortrag vom Streik-Solidarit\u00e4tsb\u00fcndnis Leipzig \u00fcber den Arbeitskampf der Besch\u00e4ftigten bei Amazon. Freitag, 11.11. | 20h | Linkes Zentrum \u00a1adelante! Seit mehr als drei Jahren befinden sich die Besch\u00e4ftigten von Amazon im Streik. F\u00fcr Unzufriedenheit sorgen nicht nur die niedrigen L\u00f6hne und die Tatsache, dass der Konzern bis heute die [&hellip;]<\/p>\n","protected":false},"author":1,"featured_media":4955,"comment_status":"closed","ping_status":"closed","sticky":false,"template":"","format":"standard","meta":[],"categories":[642,4,7,9,11],"tags":[925,13,924,89,917,352,75,923],"_links":{"self":[{"href":"https:\/\/www.antifaschistische-linke.de\/index.php?rest_route=\/wp\/v2\/posts\/4954"}],"collection":[{"href":"https:\/\/www.antifaschistische-linke.de\/index.php?rest_route=\/wp\/v2\/posts"}],"about":[{"href":"https:\/\/www.antifaschistische-linke.de\/index.php?rest_route=\/wp\/v2\/types\/post"}],"author":[{"embeddable":true,"href":"https:\/\/www.antifaschistische-linke.de\/index.php?rest_route=\/wp\/v2\/users\/1"}],"replies":[{"embeddable":true,"href":"https:\/\/www.antifaschistische-linke.de\/index.php?rest_route=%2Fwp%2Fv2%2Fcomments&post=4954"}],"version-history":[{"count":0,"href":"https:\/\/www.antifaschistische-linke.de\/index.php?rest_route=\/wp\/v2\/posts\/4954\/revisions"}],"wp:featuredmedia":[{"embeddable":true,"href":"https:\/\/www.antifaschistische-linke.de\/index.php?rest_route=\/wp\/v2\/media\/4955"}],"wp:attachment":[{"href":"https:\/\/www.antifaschistische-linke.de\/index.php?rest_route=%2Fwp%2Fv2%2Fmedia&parent=4954"}],"wp:term":[{"taxonomy":"category","embeddable":true,"href":"https:\/\/www.antifaschistische-linke.de\/index.php?rest_route=%2Fwp%2Fv2%2Fcategories&post=4954"},{"taxonomy":"post_tag","embeddable":true,"href":"https:\/\/www.antifaschistische-linke.de\/index.php?rest_route=%2Fwp%2Fv2%2Ftags&post=4954"}],"curies":[{"name":"wp","href":"https:\/\/api.w.org\/{rel}","templated":true}]}}