{"id":4980,"date":"2016-11-17T17:29:24","date_gmt":"2016-11-17T16:29:24","guid":{"rendered":"http:\/\/www.antifaschistische-linke.de\/?p=4980"},"modified":"2016-11-17T17:29:24","modified_gmt":"2016-11-17T16:29:24","slug":"buchvorstellung-mit-bernd-langer-kunst-und-kampf","status":"publish","type":"post","link":"https:\/\/www.antifaschistische-linke.de\/?p=4980","title":{"rendered":"Buchvorstellung mit Bernd Langer: Kunst und Kampf"},"content":{"rendered":"<p style=\"text-align: justify;\"><span style=\"color: #000000;\">Veranstaltung mit Bernd Langer zu seinem Buch &#8222;Kunst und Kampf&#8220; am Sonntag, den 18.12 um 19:30 Uhr im LiZ. Davor gibt es lecker Essen gegen Spende ebenfalls im LiZ um 18:30 Uhr.<\/span><\/p>\n<p style=\"text-align: justify;\"><span style=\"color: #000000;\">In den 19<a href=\"http:\/\/www.antifaschistische-linke.de\/wp-content\/uploads\/Plakat_BuchPromo_4c_A2lang-e1478879155825.jpg\"><img decoding=\"async\" loading=\"lazy\" class=\"alignleft wp-image-4981\" src=\"http:\/\/www.antifaschistische-linke.de\/wp-content\/uploads\/Plakat_BuchPromo_4c_A2lang-106x300.jpg\" alt=\"plakat_buchpromo_4c_a2lang\" width=\"109\" height=\"308\" \/><\/a>80er Jahren wird Kunst und Kampf (KuK) mit der Gestaltung von Plakaten in der autonomen Bewegung bekannt. Das Projekt verfolgt einen kollektiven Ansatz, der jedoch immer auch individuelle Z\u00fcge tr\u00e4gt. <\/span><span style=\"color: #000000;\">Hunderte Plakate entstanden, daneben Gem\u00e4lde und AgitProp-Aktionen. Bernd Langer, Protagonist dieser Idee, legt nun eine Gesamtbetrachtung von fast 40 Jahren antifaschistischer Kunst in der Bundesrepublik vor. <\/span><span style=\"color: #000000;\">Das Buch streift dabei die Geschichte der Jugendzentrumsbewegung, erz\u00e4hlt von den Autonomen und der Antifa, von Hausbesetzungen, umgest\u00fcrzten Denkm\u00e4lern, spektakul\u00e4ren Demonstrationen, der Herstellung von illegalen Plakaten und Zeitungen und warum die Doppelfahnen der Antifaschistischen Aktion heute von links gegen rechts wehen.<\/span><\/p>\n<p style=\"text-align: justify;\">\n","protected":false},"excerpt":{"rendered":"<p>Veranstaltung mit Bernd Langer zu seinem Buch &#8222;Kunst und Kampf&#8220; am Sonntag, den 18.12 um 19:30 Uhr im LiZ. Davor gibt es lecker Essen gegen Spende ebenfalls im LiZ um 18:30 Uhr. In den 1980er Jahren wird Kunst und Kampf (KuK) mit der Gestaltung von Plakaten in der autonomen Bewegung bekannt. Das Projekt verfolgt einen [&hellip;]<\/p>\n","protected":false},"author":1,"featured_media":4982,"comment_status":"closed","ping_status":"closed","sticky":false,"template":"","format":"standard","meta":[],"categories":[1,7,11],"tags":[17,510,932],"_links":{"self":[{"href":"https:\/\/www.antifaschistische-linke.de\/index.php?rest_route=\/wp\/v2\/posts\/4980"}],"collection":[{"href":"https:\/\/www.antifaschistische-linke.de\/index.php?rest_route=\/wp\/v2\/posts"}],"about":[{"href":"https:\/\/www.antifaschistische-linke.de\/index.php?rest_route=\/wp\/v2\/types\/post"}],"author":[{"embeddable":true,"href":"https:\/\/www.antifaschistische-linke.de\/index.php?rest_route=\/wp\/v2\/users\/1"}],"replies":[{"embeddable":true,"href":"https:\/\/www.antifaschistische-linke.de\/index.php?rest_route=%2Fwp%2Fv2%2Fcomments&post=4980"}],"version-history":[{"count":0,"href":"https:\/\/www.antifaschistische-linke.de\/index.php?rest_route=\/wp\/v2\/posts\/4980\/revisions"}],"wp:featuredmedia":[{"embeddable":true,"href":"https:\/\/www.antifaschistische-linke.de\/index.php?rest_route=\/wp\/v2\/media\/4982"}],"wp:attachment":[{"href":"https:\/\/www.antifaschistische-linke.de\/index.php?rest_route=%2Fwp%2Fv2%2Fmedia&parent=4980"}],"wp:term":[{"taxonomy":"category","embeddable":true,"href":"https:\/\/www.antifaschistische-linke.de\/index.php?rest_route=%2Fwp%2Fv2%2Fcategories&post=4980"},{"taxonomy":"post_tag","embeddable":true,"href":"https:\/\/www.antifaschistische-linke.de\/index.php?rest_route=%2Fwp%2Fv2%2Ftags&post=4980"}],"curies":[{"name":"wp","href":"https:\/\/api.w.org\/{rel}","templated":true}]}}