{"id":5061,"date":"2017-01-19T18:45:35","date_gmt":"2017-01-19T17:45:35","guid":{"rendered":"https:\/\/www.antifaschistische-linke.de\/?p=5061"},"modified":"2017-01-19T20:05:09","modified_gmt":"2017-01-19T19:05:09","slug":"kein-tanz-fuer-burschis","status":"publish","type":"post","link":"https:\/\/www.antifaschistische-linke.de\/?p=5061","title":{"rendered":"Kein Tanz f\u00fcr Burschis! Stellungnahme gegen den Freiburger Studentenball"},"content":{"rendered":"<p>Am 21. Januar findet um 19 Uhr der mittlerweile dritte Freiburger Studentenball im historischen Peterhofkeller auf dem Gel\u00e4nde der Albert-Ludwigs-Universit\u00e4t statt. Die Organisatoren der Veranstaltung sind reaktion\u00e4re Burschenschaftler. Das dritte Jahr in Folge organisiert der \u201eFreiburger Studentenball e.V.\u201c nun schon seine Tanzveranstaltung in R\u00e4umlichkeiten der Albert-Ludwigs-Universit\u00e4t. Der diesj\u00e4hrige Facebook-Auftritt ist zur\u00fcckhaltend. Um wen es sich bei den Veranstaltern handelt, l\u00e4sst sich auf den ersten Blick nicht schlie\u00dfen. Doch selbst den Verantwortlichen an der Albert-Ludwigs-Universtit\u00e4t ist bekannt, dass es sich nicht einfach um irgendeine Tanzveranstaltung handelt, die hier stattfinden soll. Schon 2015 im Vorfeld des ersten Balls kritisierte die Studierendenvertretung \u00f6ffentlich, dass es sich bei den Veranstaltern unter anderem um die Burschenschaft \u201eAlemannia\u201c handelt. Diese organisierte auch dieses Jahr im Vorfeld Tanzkurse mit der Tanzschule Fritz auf ihrem Verbindungshaus und bewirbt den Ball in ihrem Semester-Programm. Trotzdem fand der Studentenball wiederholt statt. Burschenschaften stehen als sexistische M\u00e4nnerb\u00fcnde f\u00fcr ein rechtskonservatives und reaktion\u00e4res Weltbild, sowie f\u00fcr nationalistische Deutscht\u00fcmelei und Elitedenken. Von Gleichberechtigung, Chancengleichheit und Vielfalt, wie sie auch die Universit\u00e4t Freiburg proklamiert, kann da keine Rede sein. Gerade die Burschenschaft \u201eAlemannia\u201c f\u00e4llt zudem durch ihre N\u00e4he zu rechten Akteuren in Freiburg auf. Auch wenn sie sich nach au\u00dfen liberal gibt, bestehen gute Kontakt zu extrem rechten Burschenschaft Saxo-Silesia, die viele Kader der Junge Alternativen Freiburg stellt und mit der \u201eIdentit\u00e4ren Bewegung\u201c vernetzt ist. Einige Aktivas der Saxo-Silesia waren zudem vorher Mitglieder der Alemannia. Wir rufen die Albert-Ludwigs-Universit\u00e4t dazu auf, dem Freiburger Studentenball e.V. keine R\u00e4ume zur Verf\u00fcgung zu stellen. Es darf keinen Platz f\u00fcr Burschenschaften geben ihre reaktion\u00e4re Ideologie zu feiern. Kein Raum f\u00fcr Sexismus und Elitarismus! Kein Tanz f\u00fcr Burschis!<\/p>\n","protected":false},"excerpt":{"rendered":"<p>Am 21. Januar findet um 19 Uhr der mittlerweile dritte Freiburger Studentenball im historischen Peterhofkeller auf dem Gel\u00e4nde der Albert-Ludwigs-Universit\u00e4t statt. Die Organisatoren der Veranstaltung sind reaktion\u00e4re Burschenschaftler. Das dritte Jahr in Folge organisiert der \u201eFreiburger Studentenball e.V.\u201c nun schon seine Tanzveranstaltung in R\u00e4umlichkeiten der Albert-Ludwigs-Universit\u00e4t. Der diesj\u00e4hrige Facebook-Auftritt ist zur\u00fcckhaltend. Um wen es sich [&hellip;]<\/p>\n","protected":false},"author":1,"featured_media":5063,"comment_status":"closed","ping_status":"closed","sticky":false,"template":"","format":"standard","meta":[],"categories":[1,7],"tags":[939,938,13,937],"_links":{"self":[{"href":"https:\/\/www.antifaschistische-linke.de\/index.php?rest_route=\/wp\/v2\/posts\/5061"}],"collection":[{"href":"https:\/\/www.antifaschistische-linke.de\/index.php?rest_route=\/wp\/v2\/posts"}],"about":[{"href":"https:\/\/www.antifaschistische-linke.de\/index.php?rest_route=\/wp\/v2\/types\/post"}],"author":[{"embeddable":true,"href":"https:\/\/www.antifaschistische-linke.de\/index.php?rest_route=\/wp\/v2\/users\/1"}],"replies":[{"embeddable":true,"href":"https:\/\/www.antifaschistische-linke.de\/index.php?rest_route=%2Fwp%2Fv2%2Fcomments&post=5061"}],"version-history":[{"count":0,"href":"https:\/\/www.antifaschistische-linke.de\/index.php?rest_route=\/wp\/v2\/posts\/5061\/revisions"}],"wp:featuredmedia":[{"embeddable":true,"href":"https:\/\/www.antifaschistische-linke.de\/index.php?rest_route=\/wp\/v2\/media\/5063"}],"wp:attachment":[{"href":"https:\/\/www.antifaschistische-linke.de\/index.php?rest_route=%2Fwp%2Fv2%2Fmedia&parent=5061"}],"wp:term":[{"taxonomy":"category","embeddable":true,"href":"https:\/\/www.antifaschistische-linke.de\/index.php?rest_route=%2Fwp%2Fv2%2Fcategories&post=5061"},{"taxonomy":"post_tag","embeddable":true,"href":"https:\/\/www.antifaschistische-linke.de\/index.php?rest_route=%2Fwp%2Fv2%2Ftags&post=5061"}],"curies":[{"name":"wp","href":"https:\/\/api.w.org\/{rel}","templated":true}]}}