{"id":5102,"date":"2017-02-18T11:54:02","date_gmt":"2017-02-18T10:54:02","guid":{"rendered":"https:\/\/www.antifaschistische-linke.de\/?p=5102"},"modified":"2017-02-18T11:54:02","modified_gmt":"2017-02-18T10:54:02","slug":"pm-aktionstag-mach-mal-pause-mehr-personal-im-krankenhaus-am-22-02","status":"publish","type":"post","link":"https:\/\/www.antifaschistische-linke.de\/?p=5102","title":{"rendered":"PM: Aktionstag &#8222;Mach mal Pause! Mehr Personal im Krankenhaus&#8220; am 22.02."},"content":{"rendered":"<p><span class=\"_4n-j _3cht fsl\" data-testid=\"event-permalink-details\">Am 22.2. wird das B\u00fcndnis <a href=\"https:\/\/www.facebook.com\/EntlastungJetzt\/\">Entlastung jetzt &#8211; S\u00fcdbaden f\u00fcr mehr Personal im Krankenhaus<\/a> vormittags ab 11 Uhr bei den Aktionen am Neuro-Zentrum der Uni-Klinik pr\u00e4sent sein und ab 14 Uhr am Bertoldsbrunnen f\u00fcr Solidarit\u00e4t mit den Besch\u00e4ftigten werben. Unter anderem wird es eine Foto-Aktion geben, an welcher sich alle beteiligen k\u00f6nnen, die Gesicht f\u00fcr mehr Personal im Krankenhaus zeigen wollen.<\/span><\/p>\n<p>&#8222;Gesundheit wird zunehmend zur Ware. Hinter dem sogenannten &#8222;Pflegenotstand&#8220; stehen klare Profitinteressen.&#8220;, so Pressesprecherin Lina Haug, &#8222;Der eklatante Personalmangel schadet dabei nicht nut den Besch\u00e4ftigten, sondern gef\u00e4hrdet auch die Gesundheit der Patient_innen.&#8220;<span class=\"_4n-j _3cht fsl\" data-testid=\"event-permalink-details\"><\/p>\n<p>Wenn die Besch\u00e4ftigten der Uni-Klinik im Zuge der bundesweiten Aktionstage \u201eMach mal Pause\u201c einen verbindlichen Personalschl\u00fcssel fordern, werden sie dabei unsere Unterst\u00fctzung haben! Seit Ende des vergangenen Jahres haben sich engagierte Menschen zusammengeschlossen, um gemeinsam mit den Besch\u00e4ftigten f\u00fcr eine Entlastung des Krankenhauspersonals und eine Mindestpersonalbemessung zu k\u00e4mpfen. Im B\u00fcndnis arbeiten Krankenhausangestellte und potentielle Patientinnen mit; es sind Gewerkschafter dabei und Menschen, die f\u00fcr eine bed\u00fcrfnisgerechte Gesundheitsversorgung eintreten.<\/span><\/p>\n<p><strong>Mi, 22.02. | 11h | Neuro-Zentrum der Uni-Klinik Freiburg, Breisacher Str. 64<\/strong><\/p>\n<p>&nbsp;<\/p>\n<p>Mehr Infos findet ihr <a href=\"https:\/\/www.facebook.com\/events\/376773102705373\/\">hier.<\/a><\/p>\n","protected":false},"excerpt":{"rendered":"<p>Am 22.2. wird das B\u00fcndnis Entlastung jetzt &#8211; S\u00fcdbaden f\u00fcr mehr Personal im Krankenhaus vormittags ab 11 Uhr bei den Aktionen am Neuro-Zentrum der Uni-Klinik pr\u00e4sent sein und ab 14 Uhr am Bertoldsbrunnen f\u00fcr Solidarit\u00e4t mit den Besch\u00e4ftigten werben. Unter anderem wird es eine Foto-Aktion geben, an welcher sich alle beteiligen k\u00f6nnen, die Gesicht f\u00fcr [&hellip;]<\/p>\n","protected":false},"author":1,"featured_media":5103,"comment_status":"closed","ping_status":"closed","sticky":false,"template":"","format":"standard","meta":[],"categories":[10,642,4,7],"tags":[945,941,944,943,946,942],"_links":{"self":[{"href":"https:\/\/www.antifaschistische-linke.de\/index.php?rest_route=\/wp\/v2\/posts\/5102"}],"collection":[{"href":"https:\/\/www.antifaschistische-linke.de\/index.php?rest_route=\/wp\/v2\/posts"}],"about":[{"href":"https:\/\/www.antifaschistische-linke.de\/index.php?rest_route=\/wp\/v2\/types\/post"}],"author":[{"embeddable":true,"href":"https:\/\/www.antifaschistische-linke.de\/index.php?rest_route=\/wp\/v2\/users\/1"}],"replies":[{"embeddable":true,"href":"https:\/\/www.antifaschistische-linke.de\/index.php?rest_route=%2Fwp%2Fv2%2Fcomments&post=5102"}],"version-history":[{"count":0,"href":"https:\/\/www.antifaschistische-linke.de\/index.php?rest_route=\/wp\/v2\/posts\/5102\/revisions"}],"wp:featuredmedia":[{"embeddable":true,"href":"https:\/\/www.antifaschistische-linke.de\/index.php?rest_route=\/wp\/v2\/media\/5103"}],"wp:attachment":[{"href":"https:\/\/www.antifaschistische-linke.de\/index.php?rest_route=%2Fwp%2Fv2%2Fmedia&parent=5102"}],"wp:term":[{"taxonomy":"category","embeddable":true,"href":"https:\/\/www.antifaschistische-linke.de\/index.php?rest_route=%2Fwp%2Fv2%2Fcategories&post=5102"},{"taxonomy":"post_tag","embeddable":true,"href":"https:\/\/www.antifaschistische-linke.de\/index.php?rest_route=%2Fwp%2Fv2%2Ftags&post=5102"}],"curies":[{"name":"wp","href":"https:\/\/api.w.org\/{rel}","templated":true}]}}