{"id":5329,"date":"2017-09-04T20:33:32","date_gmt":"2017-09-04T18:33:32","guid":{"rendered":"https:\/\/www.antifaschistische-linke.de\/?p=5329"},"modified":"2017-09-04T20:33:32","modified_gmt":"2017-09-04T18:33:32","slug":"podiumsdiskussion-wenn-das-krankenhaus-krank-macht-was-wir-gegen-den-pflegenotstand-tun-muessen","status":"publish","type":"post","link":"https:\/\/www.antifaschistische-linke.de\/?p=5329","title":{"rendered":"Podiumsdiskussion: Wenn das Krankenhaus krank macht &#8211; was wir gegen den Pflegenotstand tun m\u00fcssen"},"content":{"rendered":"<p><strong>mit: Julia Holzh\u00e4user (Pflegerin, Saarland)<span class=\"text_exposed_show\">, Vertreter_in des AKBN (Arbeitskreis behinderter und nichtbehinderter Menschen), Thomas B\u00f6hm (B\u00fcndnis Krankenhaus statt Fabrik)<\/span><\/strong><\/p>\n<p><strong>Montag, 18.09. | 18.30h | Uni Freiburg, Kollegiengeb\u00e4ude I, H\u00f6rsaal 1015<\/strong><\/p>\n<div class=\"text_exposed_show\">\n<p><img decoding=\"async\" loading=\"lazy\" class=\"wp-image-5330 size-medium alignleft\" src=\"https:\/\/www.antifaschistische-linke.de\/wp-content\/uploads\/Entlastung-Plakat-213x300.jpg\" alt=\"\" width=\"213\" height=\"300\" srcset=\"https:\/\/www.antifaschistische-linke.de\/wp-content\/uploads\/Entlastung-Plakat-213x300.jpg 213w, https:\/\/www.antifaschistische-linke.de\/wp-content\/uploads\/Entlastung-Plakat-727x1024.jpg 727w, https:\/\/www.antifaschistische-linke.de\/wp-content\/uploads\/Entlastung-Plakat.jpg 1067w\" sizes=\"(max-width: 213px) 100vw, 213px\" \/>Wir beleuchten aus verschiedenen Perspektiven das Ausma\u00df, in dem das Pflegepersonal in den Kliniken \u00fcberlastet ist, die Auswirkungen auf Pfleger_innen und Patient_innen sowie die Ursachen dieser Situation. Politisch herbeigef\u00fchrter Kostendruck durch die Finanzierung \u00fcber Fallpauschalen und die \u00dcbertragung von Krankenh\u00e4usern an private Unternehmen f\u00fchren zu immer wachsenden Belastungen. Doch es regt sich Widerstand, in den Kliniken selbst, aber auch in zivilgesellschaftliche B\u00fcndnissen treten Menschen f\u00fcr tarifliche und gesetzliche Sicherung einer Mindestbesetzung auf den Stationen ein. \u00dcber den Stand dieser Aktionen und dar\u00fcber, was wir tun k\u00f6nnen, wollen wir miteinander diskutieren.<\/p>\n<p>Mehr Infos unter findet ihr <a href=\"https:\/\/www.facebook.com\/EntlastungJetzt\/\">hier<\/a>.<\/p>\n<\/div>\n","protected":false},"excerpt":{"rendered":"<p>mit: Julia Holzh\u00e4user (Pflegerin, Saarland), Vertreter_in des AKBN (Arbeitskreis behinderter und nichtbehinderter Menschen), Thomas B\u00f6hm (B\u00fcndnis Krankenhaus statt Fabrik) Montag, 18.09. | 18.30h | Uni Freiburg, Kollegiengeb\u00e4ude I, H\u00f6rsaal 1015 Wir beleuchten aus verschiedenen Perspektiven das Ausma\u00df, in dem das Pflegepersonal in den Kliniken \u00fcberlastet ist, die Auswirkungen auf Pfleger_innen und Patient_innen sowie die Ursachen [&hellip;]<\/p>\n","protected":false},"author":1,"featured_media":5330,"comment_status":"closed","ping_status":"closed","sticky":false,"template":"","format":"standard","meta":[],"categories":[4,7,11],"tags":[941,13,977,943,975,976,75],"_links":{"self":[{"href":"https:\/\/www.antifaschistische-linke.de\/index.php?rest_route=\/wp\/v2\/posts\/5329"}],"collection":[{"href":"https:\/\/www.antifaschistische-linke.de\/index.php?rest_route=\/wp\/v2\/posts"}],"about":[{"href":"https:\/\/www.antifaschistische-linke.de\/index.php?rest_route=\/wp\/v2\/types\/post"}],"author":[{"embeddable":true,"href":"https:\/\/www.antifaschistische-linke.de\/index.php?rest_route=\/wp\/v2\/users\/1"}],"replies":[{"embeddable":true,"href":"https:\/\/www.antifaschistische-linke.de\/index.php?rest_route=%2Fwp%2Fv2%2Fcomments&post=5329"}],"version-history":[{"count":0,"href":"https:\/\/www.antifaschistische-linke.de\/index.php?rest_route=\/wp\/v2\/posts\/5329\/revisions"}],"wp:featuredmedia":[{"embeddable":true,"href":"https:\/\/www.antifaschistische-linke.de\/index.php?rest_route=\/wp\/v2\/media\/5330"}],"wp:attachment":[{"href":"https:\/\/www.antifaschistische-linke.de\/index.php?rest_route=%2Fwp%2Fv2%2Fmedia&parent=5329"}],"wp:term":[{"taxonomy":"category","embeddable":true,"href":"https:\/\/www.antifaschistische-linke.de\/index.php?rest_route=%2Fwp%2Fv2%2Fcategories&post=5329"},{"taxonomy":"post_tag","embeddable":true,"href":"https:\/\/www.antifaschistische-linke.de\/index.php?rest_route=%2Fwp%2Fv2%2Ftags&post=5329"}],"curies":[{"name":"wp","href":"https:\/\/api.w.org\/{rel}","templated":true}]}}