{"id":5350,"date":"2017-09-06T19:19:32","date_gmt":"2017-09-06T17:19:32","guid":{"rendered":"https:\/\/www.antifaschistische-linke.de\/?p=5350"},"modified":"2017-10-20T14:01:44","modified_gmt":"2017-10-20T12:01:44","slug":"wir-lassen-uns-nicht-spalten-gegen-die-rassistische-instrumentalisierung-des-mords-an-maria-l","status":"publish","type":"post","link":"https:\/\/www.antifaschistische-linke.de\/?p=5350","title":{"rendered":"Wir lassen uns nicht spalten! &#8211; Gegen die rassistische Instrumentalisierung des Mords an Maria L."},"content":{"rendered":"<p><img decoding=\"async\" loading=\"lazy\" class=\"aligncenter size-medium wp-image-5351\" src=\"https:\/\/www.antifaschistische-linke.de\/wp-content\/uploads\/141469104-f-3_2-w-960-300x200.jpg\" alt=\"\" width=\"300\" height=\"200\" srcset=\"https:\/\/www.antifaschistische-linke.de\/wp-content\/uploads\/141469104-f-3_2-w-960-300x200.jpg 300w, https:\/\/www.antifaschistische-linke.de\/wp-content\/uploads\/141469104-f-3_2-w-960.jpg 960w\" sizes=\"(max-width: 300px) 100vw, 300px\" \/>Wir lassen uns nicht spalten! &#8211; Gegen Rassismus, Patriarchat und Kapitalismus<\/p>\n<p>Die sogenannte &#8222;Junge Alternative&#8220; Freiburg rief zu einer Demonstration<br \/>\nunter dem Slogan &#8222;Grenzen sch\u00fctzen &#8211; Leben retten&#8220; am Dienstag, den 05.<br \/>\nSeptember auf. Anlass hierzu war der Prozessbeginn von Hussein K., dem<br \/>\nmutma\u00dflichen M\u00f6rder und Vergewaltiger von Maria L.<br \/>\nWir verurteilen den Versuch der Instrumentalisierung dieses grausamen<br \/>\nVerbrechens aufs Sch\u00e4rfste, denn der AfD und ihrer Jugendorganisation<br \/>\ngeht es nicht um Solidarit\u00e4t mit Opfern von Vergewaltigungen oder deren<br \/>\nAngeh\u00f6rigen. Der einzige Zweck dieser Demonstration ist rassistische<br \/>\nMeinungsmache und Wahlkampf.<\/p>\n<p>W\u00e4hrend die AfD sich alle M\u00fche gibt, f\u00fcr den Tod der jungen Studentin<br \/>\n&#8222;die Fl\u00fcchtlinge&#8220; verantwortlich zu machen und mit ihrer<br \/>\nAbschottungsrhetorik \u00d6l ins Feuer der rechten Hetze gie\u00dft, sagen wir:<br \/>\nUnser Feminismus bleibt antirassistisch!<br \/>\nNicht &#8222;die Muslime&#8220; vergewaltigen Frauen, M\u00e4nner vergewaltigen Frauen.<br \/>\nDie Ursache daf\u00fcr ist nicht der Islam oder sonst ein herbeifantasiertes<br \/>\nFeindbild. Die Ursache ist das Patriarchat!<\/p>\n<p>Das Patriarchat, das ist die systematische Unterdr\u00fcckung und Ausbeutung<br \/>\nder Frau. Eine Gesellschaft, die von M\u00e4nnern dominiert wird und in der<br \/>\nFrauen bestimmte Attribute zugeschrieben werden, um ihre Unterdr\u00fcckung<br \/>\nzu rechtfertigen. Dieses toxische Konstrukt schreibt der &#8222;weiblichen&#8220;<br \/>\nSexualit\u00e4t Passivit\u00e4t zu. Der K\u00f6rper der Frau wird zum Objekt gemacht<br \/>\nund ihre Sexualit\u00e4t zu etwas, das man sich angeblich einfach nehmen<br \/>\nkann. Dieser Unterdr\u00fcckungsmechanismus wird auch vom Kapitalismus<br \/>\ngenutzt, indem er beispielsweise die Sexualit\u00e4t der Frau zur Ware<br \/>\ndegradiert.<\/p>\n<p>Dass das Patriarchat und der damit verbundene Sexismus nichts ist, was<br \/>\nin irgendeiner Form in unsere Gesellschaft &#8222;importiert&#8220; wird, zeigt sich<br \/>\nauf jedem deutschen Volksfest, wenn Frauen Opfer sexueller \u00dcbergriffe<br \/>\nwerden und man ihnen anschlie\u00dfend ihre Kleiderwahl zum Vorwurf macht,<br \/>\nstatt sich mit ihnen zu solidarisieren.<br \/>\nEs zeigt sich, wenn Frauen sich entscheiden, ihre Sexualit\u00e4t nach ihrem<br \/>\nBefinden auszuleben und daf\u00fcr wahlweise als &#8222;pr\u00fcde&#8220; oder als &#8222;Schlampe&#8220;<br \/>\nbezeichnet werden.<br \/>\nAuch die AfD hat erst vor einigen Tagen bewiesen, dass<br \/>\nVergewaltigungsfantasien unter deutschen M\u00e4nnern weniger ungew\u00f6hnlich<br \/>\nsind, als ihr lieb sein d\u00fcrfte. Der Fraktionsvize im Schweriner Landtag,<br \/>\nHolger Arppe musste angesichts \u00f6ffentlich gewordener Chatprotokolle von<br \/>\nseinen Posten zur\u00fccktreten. Diese Chatprotokolle enthielten unter<br \/>\nanderem Gewalt\u00e4u\u00dferungen und Vergewaltigungsfantasien, in denen auch<br \/>\nKinder zu den Opfern geh\u00f6rten.<br \/>\n2013 fiel auch der Freiburger Rechtsanwalt und AfD-Kader Dubravko Mandic durch seinen offenen Sexismus auf, als er einen Vergewaltiger verteidigte und vor Gericht behauptete, im Grunde genommen sei das minderj\u00e4hrige Opfer und nicht der T\u00e4ter schuld an der Tat.<\/p>\n<p>Lassen wir uns von ihrer rassistischen Hetze nicht blenden! Auch die AfD<br \/>\nsteht f\u00fcr die Aufrechterhaltung des Patriarchats. Auch die AfD stellt<br \/>\nsich gegen die Selbstbestimmung der Frau und will ihr ein Korsett in<br \/>\nForm von konservativen Geschlechterrollen aufzwingen.<\/p>\n<p>#Zusammenstehen gegen Rassismus, Patriarchat und Kapitalismus<br \/>\nWir lassen uns nicht spalten!<\/p>\n<p>&nbsp;<\/p>\n<p>#Zusammenstehen. Wir lassen uns nicht spalten! &#8211; Kampagne gegen falsche Alternativen und f\u00fcr eine solidarische Perspektive https:\/\/www.antifaschistische-linke.de\/?p=5316<\/p>\n","protected":false},"excerpt":{"rendered":"<p>Wir lassen uns nicht spalten! &#8211; Gegen Rassismus, Patriarchat und Kapitalismus Die sogenannte &#8222;Junge Alternative&#8220; Freiburg rief zu einer Demonstration unter dem Slogan &#8222;Grenzen sch\u00fctzen &#8211; Leben retten&#8220; am Dienstag, den 05. September auf. Anlass hierzu war der Prozessbeginn von Hussein K., dem mutma\u00dflichen M\u00f6rder und Vergewaltiger von Maria L. Wir verurteilen den Versuch der [&hellip;]<\/p>\n","protected":false},"author":1,"featured_media":5320,"comment_status":"closed","ping_status":"closed","sticky":false,"template":"","format":"standard","meta":[],"categories":[1,820,922,790],"tags":[176,879,127,500,575],"_links":{"self":[{"href":"https:\/\/www.antifaschistische-linke.de\/index.php?rest_route=\/wp\/v2\/posts\/5350"}],"collection":[{"href":"https:\/\/www.antifaschistische-linke.de\/index.php?rest_route=\/wp\/v2\/posts"}],"about":[{"href":"https:\/\/www.antifaschistische-linke.de\/index.php?rest_route=\/wp\/v2\/types\/post"}],"author":[{"embeddable":true,"href":"https:\/\/www.antifaschistische-linke.de\/index.php?rest_route=\/wp\/v2\/users\/1"}],"replies":[{"embeddable":true,"href":"https:\/\/www.antifaschistische-linke.de\/index.php?rest_route=%2Fwp%2Fv2%2Fcomments&post=5350"}],"version-history":[{"count":0,"href":"https:\/\/www.antifaschistische-linke.de\/index.php?rest_route=\/wp\/v2\/posts\/5350\/revisions"}],"wp:featuredmedia":[{"embeddable":true,"href":"https:\/\/www.antifaschistische-linke.de\/index.php?rest_route=\/wp\/v2\/media\/5320"}],"wp:attachment":[{"href":"https:\/\/www.antifaschistische-linke.de\/index.php?rest_route=%2Fwp%2Fv2%2Fmedia&parent=5350"}],"wp:term":[{"taxonomy":"category","embeddable":true,"href":"https:\/\/www.antifaschistische-linke.de\/index.php?rest_route=%2Fwp%2Fv2%2Fcategories&post=5350"},{"taxonomy":"post_tag","embeddable":true,"href":"https:\/\/www.antifaschistische-linke.de\/index.php?rest_route=%2Fwp%2Fv2%2Ftags&post=5350"}],"curies":[{"name":"wp","href":"https:\/\/api.w.org\/{rel}","templated":true}]}}