{"id":5357,"date":"2017-09-23T11:23:58","date_gmt":"2017-09-23T09:23:58","guid":{"rendered":"https:\/\/www.antifaschistische-linke.de\/?p=5357"},"modified":"2017-09-23T11:34:36","modified_gmt":"2017-09-23T09:34:36","slug":"500-jahre-revolte-reformation-und-bauernkriege","status":"publish","type":"post","link":"https:\/\/www.antifaschistische-linke.de\/?p=5357","title":{"rendered":"500 Jahre Revolte \u2013 Reformation und Bauernkriege"},"content":{"rendered":"<p align=\"justify\"><strong>Vernstaltung mit<\/strong> <strong>Bernd Langer:\u00a0<\/strong><\/p>\n<p align=\"justify\"><img decoding=\"async\" loading=\"lazy\" class=\"size-medium wp-image-5362 alignleft\" src=\"https:\/\/www.antifaschistische-linke.de\/wp-content\/uploads\/flyer-langer-1-1-214x300.png\" alt=\"\" width=\"214\" height=\"300\" srcset=\"https:\/\/www.antifaschistische-linke.de\/wp-content\/uploads\/flyer-langer-1-1-214x300.png 214w, https:\/\/www.antifaschistische-linke.de\/wp-content\/uploads\/flyer-langer-1-1.png 303w\" sizes=\"(max-width: 214px) 100vw, 214px\" \/>2017 ist das \u201eLutherjahr\u201c: Weit \u00fcber Deutschland hinaus werden \u201e500 Jahre Martin Luther\u201c breit gefeiert. Auch wenn dabei pflichtbewusst kritische T\u00f6ne zu Luther nicht fehlen \u2013 sein Antisemitismus, seine Hetze gegen die aufst\u00e4ndischen Bauern \u2013 werden andere religionskritisch-reformatorische und fr\u00fch-demokratisch revolution\u00e4re Kr\u00e4fte nicht nur nicht gew\u00fcrdigt, sie finden erst gar keine Erw\u00e4hnung. Luther, so scheint es, war eine isolierte Ausnahmeerscheinung. Dabei war er nur Teil eines gesellschaftlichen Umbruchs in der Renaissance. Begleitet von wissenschaftlichen Entdeckungen geriet das alte Weltbild ins Wanken. Es gab verschiedene Bewegungen gegen die etablierte christliche Kirche, wie die T\u00e4ufer und Thomas M\u00fcntzer, dem radikalen Gegenspieler von Luther. Getragen wurden die neuen Gedanken von der feudalistisch unterdr\u00fcckten Bev\u00f6lkerung. Es kam zu Aufst\u00e4nden, die sich im gro\u00dfen deutschen Bauernkrieg 1523 \u2013 25 zu einer allgemeinen Erhebung steigerten.<\/p>\n<p>Eine Veranstaltung der Antifaschistischen Linken Freiburg (IL)<br \/>\n\u2013 gef\u00f6rdert durch die Rosa-Luxemburg-Stiftung Baden-W\u00fcrttemberg<\/p>\n<p><strong>Donnerstag | 28.9.17 | 19:30 Uhr | Linkes Zentrum Freiburg<\/strong><\/p>\n<p>&nbsp;<\/p>\n","protected":false},"excerpt":{"rendered":"<p>Vernstaltung mit Bernd Langer:\u00a0 2017 ist das \u201eLutherjahr\u201c: Weit \u00fcber Deutschland hinaus werden \u201e500 Jahre Martin Luther\u201c breit gefeiert. Auch wenn dabei pflichtbewusst kritische T\u00f6ne zu Luther nicht fehlen \u2013 sein Antisemitismus, seine Hetze gegen die aufst\u00e4ndischen Bauern \u2013 werden andere religionskritisch-reformatorische und fr\u00fch-demokratisch revolution\u00e4re Kr\u00e4fte nicht nur nicht gew\u00fcrdigt, sie finden erst gar keine [&hellip;]<\/p>\n","protected":false},"author":1,"featured_media":5364,"comment_status":"closed","ping_status":"closed","sticky":false,"template":"","format":"standard","meta":[],"categories":[11],"tags":[979,510,320,980,978],"_links":{"self":[{"href":"https:\/\/www.antifaschistische-linke.de\/index.php?rest_route=\/wp\/v2\/posts\/5357"}],"collection":[{"href":"https:\/\/www.antifaschistische-linke.de\/index.php?rest_route=\/wp\/v2\/posts"}],"about":[{"href":"https:\/\/www.antifaschistische-linke.de\/index.php?rest_route=\/wp\/v2\/types\/post"}],"author":[{"embeddable":true,"href":"https:\/\/www.antifaschistische-linke.de\/index.php?rest_route=\/wp\/v2\/users\/1"}],"replies":[{"embeddable":true,"href":"https:\/\/www.antifaschistische-linke.de\/index.php?rest_route=%2Fwp%2Fv2%2Fcomments&post=5357"}],"version-history":[{"count":0,"href":"https:\/\/www.antifaschistische-linke.de\/index.php?rest_route=\/wp\/v2\/posts\/5357\/revisions"}],"wp:featuredmedia":[{"embeddable":true,"href":"https:\/\/www.antifaschistische-linke.de\/index.php?rest_route=\/wp\/v2\/media\/5364"}],"wp:attachment":[{"href":"https:\/\/www.antifaschistische-linke.de\/index.php?rest_route=%2Fwp%2Fv2%2Fmedia&parent=5357"}],"wp:term":[{"taxonomy":"category","embeddable":true,"href":"https:\/\/www.antifaschistische-linke.de\/index.php?rest_route=%2Fwp%2Fv2%2Fcategories&post=5357"},{"taxonomy":"post_tag","embeddable":true,"href":"https:\/\/www.antifaschistische-linke.de\/index.php?rest_route=%2Fwp%2Fv2%2Ftags&post=5357"}],"curies":[{"name":"wp","href":"https:\/\/api.w.org\/{rel}","templated":true}]}}