{"id":5403,"date":"2017-10-05T22:57:21","date_gmt":"2017-10-05T20:57:21","guid":{"rendered":"https:\/\/www.antifaschistische-linke.de\/?p=5403"},"modified":"2017-10-05T22:57:21","modified_gmt":"2017-10-05T20:57:21","slug":"auf-gehts-linke-politik-in-freiburg-kennenlernen-veranstaltungsreihe-des-linken-zentrum-adelante","status":"publish","type":"post","link":"https:\/\/www.antifaschistische-linke.de\/?p=5403","title":{"rendered":"Auf gehts! Linke Politik in Freiburg kennenlernen. Veranstaltungsreihe des Linken Zentrum \u00a1adelante!"},"content":{"rendered":"<p align=\"justify\"><strong>Veranstaltungsreihe des Linken Zentrum \u00a1adelante!<\/strong><\/p>\n<p align=\"justify\"><img decoding=\"async\" loading=\"lazy\" class=\"size-medium wp-image-5404 alignleft\" src=\"https:\/\/www.antifaschistische-linke.de\/wp-content\/uploads\/plakat-semesterstart17-212x300.jpg\" alt=\"\" width=\"212\" height=\"300\" srcset=\"https:\/\/www.antifaschistische-linke.de\/wp-content\/uploads\/plakat-semesterstart17-212x300.jpg 212w, https:\/\/www.antifaschistische-linke.de\/wp-content\/uploads\/plakat-semesterstart17-724x1024.jpg 724w, https:\/\/www.antifaschistische-linke.de\/wp-content\/uploads\/plakat-semesterstart17.jpg 1588w\" sizes=\"(max-width: 212px) 100vw, 212px\" \/><\/p>\n<p align=\"justify\"><strong>Do. 19.10| 18:30 Uhr|\u00a0LiZ| Film &#8222;Der innere Kreis&#8220;.<\/strong> Film \u00fcber Spitzeleins\u00e4tze in Hamburg und Heidelberg. Gezeigt von der Roten Hilfe Freiburg und dem Datenschutzreferat. Anschlie\u00dfend Diskussion mit den RegiseurInnen und Betroffenen.<\/p>\n<p align=\"justify\"><strong>So. 22.10| 11:00 Uhr| LiZ| FLTI*Brunch| <\/strong>Heute sind die Personen f\u00fcr Frauen*, Lesben*, Trans*- und Interpersonen* ge\u00f6ffnet. Vegan\/Vegetarischer Brunch gegen Spende.<\/p>\n<p align=\"justify\"><strong>Do. 26.10| 19:00 Uhr| LiZ| Frankreichs Neue Rechte. \u00dcber Front National und G\u00e9n\u00e9ration Identitaire. <\/strong>Vortrag von Bernard Schmid zur Entwicklung der Neuen Rechten in Frankreich.<\/p>\n<p align=\"justify\"><strong>Fr. 27.10| 18:00 Uhr|\u00a0LiZ| Offenes feministisches Treffen|<\/strong> Lust \u00fcber aktuelle feministische Themen zu diskutieren? Raus aus dem sexistischen Alltag? Komm zum OfT jeden 4. Freitag im Monat!<\/p>\n<p align=\"justify\"><strong>Fr. 27.10| 20:00 Uhr|\u00a0LiZ| Feministischer Kneipenabend| <\/strong>Musik, Drinks und nette Gespr\u00e4che<\/p>\n<p align=\"justify\"><strong>Fr. 3.11| 18:30 Uhr| LiZ| Offenes Antifatreffen Freiburg &amp; Region| <\/strong>F\u00fcr alle Interessierten an antfaschistischer Politik und Aktion in Freiburg. Jeden 1. und 3. Freitag im Monat.<\/p>\n<p align=\"justify\"><strong>Fr. 3.11| 20:00 Uhr| LiZ| Antifa-Kneipe| <\/strong>Drinks, Music, Antifascism!<\/p>\n<p align=\"justify\"><strong>Di. 7.11| 20:00 Uhr| Uni Freiburg, KG 1, HS 1009|\u00a0 200 Jahre Marx| 150 Jahre Kapital| 100 Jahre Oktoberrevolution|<\/strong> Vortrag von Alex Demirovi\u0107 zu den Jubil\u00e4en, deren Bedeutung f\u00fcr die Kritik an der kapitalistischen Gesellschaft kaum zu \u00fcbersch\u00e4tzen ist.<\/p>\n<p align=\"justify\"><strong>Fr. 10.11| 18:30 Uhr| LiZ| Alles anders! Solidarisch statt sicher uns sauber &#8211; Stadt von unten statt Green City!| <\/strong>Offener Gespr\u00e4chsabend mit der Antifaschistischen Linken Freiburg (IL)<\/p>\n<p align=\"justify\"><strong>Fr. 10.11| 20:30 Uhr| LiZ| IL-Kneipe|<\/strong> Musik, Drinks und die Gelegenheit mit der Interventionistischen Linken ins Gespr\u00e4ch zu kommen<\/p>\n<p align=\"justify\"><strong>Sa. 11.11| 13:00 Uhr| LiZ| Kenne deine (Arbeits-)Rechte|<\/strong> Workshop f\u00fcr alle Minijober*Innen<\/p>\n<p align=\"justify\"><strong>Fr 24.11| 20:00 Uhr| All together &#8222;Auf gehts!&#8220;-Kneipe|<\/strong> Linke Politik in Freiburg kennenlernen beim abschlie\u00dfenden Kneipenabend<\/p>\n","protected":false},"excerpt":{"rendered":"<p>Veranstaltungsreihe des Linken Zentrum \u00a1adelante! Do. 19.10| 18:30 Uhr|\u00a0LiZ| Film &#8222;Der innere Kreis&#8220;. Film \u00fcber Spitzeleins\u00e4tze in Hamburg und Heidelberg. Gezeigt von der Roten Hilfe Freiburg und dem Datenschutzreferat. Anschlie\u00dfend Diskussion mit den RegiseurInnen und Betroffenen. So. 22.10| 11:00 Uhr| LiZ| FLTI*Brunch| Heute sind die Personen f\u00fcr Frauen*, Lesben*, Trans*- und Interpersonen* ge\u00f6ffnet. Vegan\/Vegetarischer Brunch [&hellip;]<\/p>\n","protected":false},"author":1,"featured_media":5406,"comment_status":"closed","ping_status":"closed","sticky":false,"template":"","format":"standard","meta":[],"categories":[11],"tags":[127,608,41,987,89,259],"_links":{"self":[{"href":"https:\/\/www.antifaschistische-linke.de\/index.php?rest_route=\/wp\/v2\/posts\/5403"}],"collection":[{"href":"https:\/\/www.antifaschistische-linke.de\/index.php?rest_route=\/wp\/v2\/posts"}],"about":[{"href":"https:\/\/www.antifaschistische-linke.de\/index.php?rest_route=\/wp\/v2\/types\/post"}],"author":[{"embeddable":true,"href":"https:\/\/www.antifaschistische-linke.de\/index.php?rest_route=\/wp\/v2\/users\/1"}],"replies":[{"embeddable":true,"href":"https:\/\/www.antifaschistische-linke.de\/index.php?rest_route=%2Fwp%2Fv2%2Fcomments&post=5403"}],"version-history":[{"count":0,"href":"https:\/\/www.antifaschistische-linke.de\/index.php?rest_route=\/wp\/v2\/posts\/5403\/revisions"}],"wp:featuredmedia":[{"embeddable":true,"href":"https:\/\/www.antifaschistische-linke.de\/index.php?rest_route=\/wp\/v2\/media\/5406"}],"wp:attachment":[{"href":"https:\/\/www.antifaschistische-linke.de\/index.php?rest_route=%2Fwp%2Fv2%2Fmedia&parent=5403"}],"wp:term":[{"taxonomy":"category","embeddable":true,"href":"https:\/\/www.antifaschistische-linke.de\/index.php?rest_route=%2Fwp%2Fv2%2Fcategories&post=5403"},{"taxonomy":"post_tag","embeddable":true,"href":"https:\/\/www.antifaschistische-linke.de\/index.php?rest_route=%2Fwp%2Fv2%2Ftags&post=5403"}],"curies":[{"name":"wp","href":"https:\/\/api.w.org\/{rel}","templated":true}]}}