{"id":5417,"date":"2017-10-06T00:42:05","date_gmt":"2017-10-05T22:42:05","guid":{"rendered":"https:\/\/www.antifaschistische-linke.de\/?p=5417"},"modified":"2017-10-06T00:42:05","modified_gmt":"2017-10-05T22:42:05","slug":"blickpunkt-katalonien-i-unabhaengigkeitsreferendum","status":"publish","type":"post","link":"https:\/\/www.antifaschistische-linke.de\/?p=5417","title":{"rendered":"Blickpunkt Katalonien I \u2013 Unabh\u00e4ngigkeitsreferendum"},"content":{"rendered":"<p align=\"justify\"><i>Im Oktober 2017 war eine Delegation der Antifaschistischen Linken Freiburg (IL), Organisierten Linken Heilbronn (IL) &amp; Friends in Katalonien, um das Referendum \u00fcber die Unabh\u00e4ngigkeit von Spanien zu beobachten. Zudem sollte sich auch mit der katalanischen Linken ausgetauscht werden. Die folgenden Eindr\u00fccke sind dabei entstanden.<\/i><\/p>\n<h3 class=\"western\" align=\"justify\"><b>Unabh\u00e4ngigkeitsreferendum am 01.10.17, Vilanova i la Geltr\u00fa &amp; Barcelona<\/b><\/h3>\n<p><img decoding=\"async\" loading=\"lazy\" class=\"aligncenter size-medium wp-image-5419\" src=\"https:\/\/www.antifaschistische-linke.de\/wp-content\/uploads\/1OktVilanova-1024x768-300x225.jpg\" alt=\"\" width=\"300\" height=\"225\" srcset=\"https:\/\/www.antifaschistische-linke.de\/wp-content\/uploads\/1OktVilanova-1024x768-300x225.jpg 300w, https:\/\/www.antifaschistische-linke.de\/wp-content\/uploads\/1OktVilanova-1024x768.jpg 1024w\" sizes=\"(max-width: 300px) 100vw, 300px\" \/><\/p>\n<p align=\"justify\">Kurz nach 5 Uhr kommen wir an der Escola Aragai an. Ca. 40 Leute jeden Alters sitzen bereits vor und im Geb\u00e4ude, am Eingangstor stehen weitere und gr\u00fc\u00dfen freundlich mit \u201eBon dia\u201c als wir eintreten. Die Escola Aragai ist eine von 14 besetzten Schulen in Vilanova, die als Wahllokale genutzt werden, erz\u00e4hlt uns Pau. Fast alle Rektoren hatten die Schl\u00fcssel freiwillig \u00fcbergeben, um die Abstimmung zu erm\u00f6glichen. Nur hier hatte sich der Rektor geweigert. Man wei\u00df sich zu helfen\u2026 Abgesehen davon ist es eine ganz normale Wahl. Angespannt ist die Stimmung nur, wenn die katalanische Polizei \u201emossos d\u00b4esquadras\u201c vorbeif\u00e4hrt. Sie haben die Order, die Urnen und Stimmzettel zu beschlagnahmen und die Wahllokale zu schlie\u00dfen. Bis jetzt scheinen sie aber nicht sonderlich motiviert zu sein, diese Anweisung umzusetzen.<\/p>\n<p align=\"justify\">Als wir in der Schule ankommen, schlafen in den Nebenr\u00e4umen noch Menschen, an einem Tisch wird Karten gespielt, man unterh\u00e4lt sich. Manche \u00fcbernachten bereits seit zwei Tagen in der Schule, andere sind fr\u00fch aufgestanden, um die Wahllokale zu besetzen. Wenn viele Leute den Eingang blockieren werden die Mossos die R\u00e4umung nicht durchsetzen, hei\u00dft es. Mehr und mehr Menschen kommen hinzu. Als gegen 7 Uhr die erste Streife ankommt, ist die Eingangst\u00fcre l\u00e4ngst mit 50 Menschen verstopft. Eine kurze Verhandlung beginnt und die Polizei zieht nach wenigen Minuten unverrichteter Dinge wieder ab. Heute hat sie keine Lust auf Stress. Die Schlange vor dem Wahllokal w\u00e4chst kontinuierlich und ein kleines Video-Team h\u00e4lt die Situation in Interviews f\u00fcr kommende Generationen fest.<\/p>\n<p align=\"justify\"><img decoding=\"async\" loading=\"lazy\" class=\"aligncenter size-medium wp-image-5420\" src=\"https:\/\/www.antifaschistische-linke.de\/wp-content\/uploads\/1OktVilanova_2-300x225-300x225.jpg\" alt=\"\" width=\"300\" height=\"225\" \/><\/p>\n<p align=\"justify\">Auch Jorge steht an und m\u00f6chte w\u00e4hlen. \u201eIch bin mit meinem Sohn und Enkelkind hier\u201c, verr\u00e4t er uns. Warum er w\u00e4hlen m\u00f6chte? \u201eWegen meiner Enkel, damit sie ein besseres Leben haben\u201c. Er m\u00f6chte eine sozialere Politik und findet, dass das mit dem spanischen Staat nicht m\u00f6glich ist. \u201eDie Regierung muss von hier sein, damit sie die Probleme der Leute kennt\u201c.<\/p>\n<p align=\"justify\">Auf dem Weg nach Barcelona treffen wir zwei Frauen und einen Mann mittleren Alters. \u201eMan schl\u00e4gt keine alten Frauen\u201c, emp\u00f6rt er sich lauthals \u00fcber die spanische paramilit\u00e4rische Polizei \u201eGuardia Civil\u201c in den Videos im Internet. \u201eJeder kann abstimmen. Ich werde auch mit \u201eNein\u201c stimmen. Und? Passiert mir was?\u201c kommentiert er. \u201eDas ist kein Respekt f\u00fcr das Volk\u201c.<\/p>\n<p align=\"justify\"><img decoding=\"async\" loading=\"lazy\" class=\"aligncenter size-medium wp-image-5418\" src=\"https:\/\/www.antifaschistische-linke.de\/wp-content\/uploads\/1OktBarcelona-300x225-300x225.jpg\" alt=\"\" width=\"300\" height=\"225\" \/><\/p>\n<p align=\"justify\">In Barcelona sind die Stra\u00dfen ruhig. Nur vor den Wahllokalen stehen Tausende Schlange und warten stundenlang, um ihre Stimme abzugeben. An der Escola Ramon Llull werden wir an ein anderes Wahlb\u00fcro verwiesen, da dieses am Morgen von der Guardia Civil unter Anwendung von Gewalt gest\u00fcrmt und die Wahlutensilien beschlagnahmt wurden. Am Plaza Catalunya ist die Stimmung geladen. Die Video-\u00dcbertragung auf der Leinwand wurde unterbrochen, ca. 50 spanische Faschisten stehen auf dem Platz. Als 3 Menschen mit Katalonien-Fahnen auftauchen werden sie mit Hitlergru\u00df und \u201eViva Espa<span style=\"font-family: Liberation Serif,serif;\">\u00f1<\/span>a\u201c, der Parole der Faschisten unter Franco, empfangen. Sie pr\u00fcgeln mit F\u00e4usten auf die jungen Leute ein \u2013 die Polizei kommt erst Minuten sp\u00e4ter hinzu.<\/p>\n<p align=\"justify\">Gegen 20 Uhr schlie\u00dfen die Wahllokale. Was nun passiert scheint unklar. W\u00e4hrend die einen euphorisch und gespannt der angestrebten Unabh\u00e4ngigkeit entgegen blicken, die nun zum Greifen nah erscheint, gibt es auch kritische Stimmen. Was die Menschen, die am Sonntag in die Wahllokale str\u00f6men eint, ist der Wille selbst \u00fcber die eigene Zukunft und das eigene Leben zu entscheiden und demokratische Rechte einzufordern. Gleichzeitig ist es mit dem blo\u00dfen Willen nat\u00fcrlich nicht getan und f\u00fcr uns bleibt dar\u00fcber hinaus die Frage, welche progressiven Inhalte die katalanische Unabh\u00e4ngigkeitsbewegung neben dem Wunsch nach Unabh\u00e4ngigkeit eint bzw. welche Widerspr\u00fcche es innerhalb dieser Bewegung gibt.<\/p>\n<p align=\"justify\"><i>Antifaschistische Linke Freiburg (IL), Organisierte Linke Heilbronn (IL) &amp; Friends, Oktober 2017.<\/i><\/p>\n","protected":false},"excerpt":{"rendered":"<p>Im Oktober 2017 war eine Delegation der Antifaschistischen Linken Freiburg (IL), Organisierten Linken Heilbronn (IL) &amp; Friends in Katalonien, um das Referendum \u00fcber die Unabh\u00e4ngigkeit von Spanien zu beobachten. Zudem sollte sich auch mit der katalanischen Linken ausgetauscht werden. Die folgenden Eindr\u00fccke sind dabei entstanden. Unabh\u00e4ngigkeitsreferendum am 01.10.17, Vilanova i la Geltr\u00fa &amp; Barcelona Kurz [&hellip;]<\/p>\n","protected":false},"author":1,"featured_media":5419,"comment_status":"closed","ping_status":"closed","sticky":false,"template":"","format":"standard","meta":[],"categories":[6],"tags":[608,983,984,986],"_links":{"self":[{"href":"https:\/\/www.antifaschistische-linke.de\/index.php?rest_route=\/wp\/v2\/posts\/5417"}],"collection":[{"href":"https:\/\/www.antifaschistische-linke.de\/index.php?rest_route=\/wp\/v2\/posts"}],"about":[{"href":"https:\/\/www.antifaschistische-linke.de\/index.php?rest_route=\/wp\/v2\/types\/post"}],"author":[{"embeddable":true,"href":"https:\/\/www.antifaschistische-linke.de\/index.php?rest_route=\/wp\/v2\/users\/1"}],"replies":[{"embeddable":true,"href":"https:\/\/www.antifaschistische-linke.de\/index.php?rest_route=%2Fwp%2Fv2%2Fcomments&post=5417"}],"version-history":[{"count":0,"href":"https:\/\/www.antifaschistische-linke.de\/index.php?rest_route=\/wp\/v2\/posts\/5417\/revisions"}],"wp:featuredmedia":[{"embeddable":true,"href":"https:\/\/www.antifaschistische-linke.de\/index.php?rest_route=\/wp\/v2\/media\/5419"}],"wp:attachment":[{"href":"https:\/\/www.antifaschistische-linke.de\/index.php?rest_route=%2Fwp%2Fv2%2Fmedia&parent=5417"}],"wp:term":[{"taxonomy":"category","embeddable":true,"href":"https:\/\/www.antifaschistische-linke.de\/index.php?rest_route=%2Fwp%2Fv2%2Fcategories&post=5417"},{"taxonomy":"post_tag","embeddable":true,"href":"https:\/\/www.antifaschistische-linke.de\/index.php?rest_route=%2Fwp%2Fv2%2Ftags&post=5417"}],"curies":[{"name":"wp","href":"https:\/\/api.w.org\/{rel}","templated":true}]}}