{"id":5422,"date":"2017-10-07T14:21:40","date_gmt":"2017-10-07T12:21:40","guid":{"rendered":"https:\/\/www.antifaschistische-linke.de\/?p=5422"},"modified":"2017-10-08T19:45:20","modified_gmt":"2017-10-08T17:45:20","slug":"blickpunkt-katalonien-ii-generalstreik","status":"publish","type":"post","link":"https:\/\/www.antifaschistische-linke.de\/?p=5422","title":{"rendered":"Blickpunkt Katalonien II \u2013 Generalstreik"},"content":{"rendered":"<p align=\"justify\"><i>Im Oktober 2017 war eine Delegation der Antifaschistischen Linken Freiburg (IL), Organisierten Linken Heilbronn (IL) &amp; Friends in Katalonien, um das Referendum \u00fcber die Unabh\u00e4ngigkeit von Spanien zu beobachten. Zudem sollte sich auch mit der katalanischen Linken ausgetauscht werden. Die folgenden Eindr\u00fccke sind dabei entstanden.<\/i><\/p>\n<h3 class=\"western\" align=\"justify\"><b>Generalstreik am 03. Oktober 2017<\/b><\/h3>\n<p align=\"justify\"><img decoding=\"async\" loading=\"lazy\" class=\"aligncenter size-medium wp-image-5424\" src=\"https:\/\/www.antifaschistische-linke.de\/wp-content\/uploads\/Demo_Vilanova5-300x200-1-300x200.jpg\" alt=\"\" width=\"300\" height=\"200\" \/>Am Dienstag sind die meisten L\u00e4den geschlossen. Die Bahnen und Z\u00fcge fahren unregelm\u00e4\u00dfig oder gar nicht. Viele Stra\u00dfen sind blockiert. Der Generalstreik l\u00e4sst Katalonien still stehen \u2013 und bringt es in Bewegung. Um 12 Uhr startet die Demonstration in Vilanova. Etwa 8000 Menschen beteiligen sich, es ist die gr\u00f6\u00dfte Demonstration der letzten Jahrzehnte in der Stadt. Die Masse schiebt sich langsam flie\u00dfend die Rambla, die Hauptstra\u00dfe der Stadt, hinunter Richtung Strand und biegt nach links ab. Die Placa de les Neus, der Platz an dem die Demonstration beginnt, f\u00fcllt sich immer wieder von neuem. An der Kaserne der Guardia Civil angekommen, wird es ruhig. Die Sprechch\u00f6re werden leiser, alle heben ihre H\u00e4nde und die Menge verstummt. Schweigend stehen Hunderte der Polizei gegen\u00fcber und erinnern an die Repression und die Verletzten w\u00e4hrend des Referendums. Der Ruf \u201eVisca la terra\u201c \u2013 \u201eEs lebe das Land\u201c erschallt und die Menge skandiert mit erhobenen H\u00e4nden: \u201eEstas son nuestras armas\u201c \u2013 \u201edas sind unsere Waffen\u201c. Auf dem Boden inmitten der Menge prangt der Schriftzug \u201eFoteu el camp\u201c, \u201esie sollen abhauen\u201c. Die Ablehnung gegen\u00fcber der Milit\u00e4rpolizei Guardia Civil, die der Zentralregierung in Madrid untersteht, ist sp\u00e4testens mit der Repression gegen das Referendum zum Massenph\u00e4nomen geworden.<\/p>\n<p align=\"justify\"><img decoding=\"async\" loading=\"lazy\" class=\"aligncenter size-medium wp-image-5431\" src=\"https:\/\/www.antifaschistische-linke.de\/wp-content\/uploads\/Demo_Vilanova8-300x200-1-300x200.jpg\" alt=\"\" width=\"300\" height=\"200\" \/> <img decoding=\"async\" loading=\"lazy\" class=\"aligncenter size-medium wp-image-5432\" src=\"https:\/\/www.antifaschistische-linke.de\/wp-content\/uploads\/Demo_Vilanova9-300x200-1-300x200.jpg\" alt=\"\" width=\"300\" height=\"200\" \/><\/p>\n<p align=\"justify\">Barcelonas Stra\u00dfen sind voller Menschen. Schon auf dem Weg zur Demo sind wir Teil der Demo. Die katalanische Fahne ist allgegenw\u00e4rtig, vereinzelt sind auch spanische Fahnen zu sehen. Momente der Stille und des Schweigens werden abgel\u00f6st von Parolen, und der lautstarken Forderung, die \u00e4lteste Polizeistation der Stadt in eine Bibliothek umzuwandeln. Aggressionen gegen die Polizei, sofern sie \u00fcberhaupt auftreten, werden durch die Masse unterbunden. \u201eWir sind friedliche Leute\u201c \u2013 darin scheint man sich einig zu sein. Wenn die Situation eskaliert, dann wegen der \u201eagent provocateurs\u201c der Polizei, macht die Menge deutlich. Denn eine Eskalation k\u00e4me Madrid gelegen, um die Unabh\u00e4ngigkeitsbewegung zu kriminalisieren und Forderungen der Demonstrant*innen als illegitim darzustellen.<\/p>\n<p align=\"justify\"><img decoding=\"async\" loading=\"lazy\" class=\"aligncenter size-medium wp-image-5425\" src=\"https:\/\/www.antifaschistische-linke.de\/wp-content\/uploads\/Demo_Barcelona1-300x200-300x200.jpg\" alt=\"\" width=\"300\" height=\"200\" \/> <img decoding=\"async\" loading=\"lazy\" class=\"aligncenter size-medium wp-image-5428\" src=\"https:\/\/www.antifaschistische-linke.de\/wp-content\/uploads\/Demo_Barcelona5-300x200-300x200.jpg\" alt=\"\" width=\"300\" height=\"200\" \/>Auf dem Nachhauseweg stehen hunderte Menschen an Fenstern und Balkonen und klopfen mit Kochl\u00f6ffeln auf T\u00f6pfe. Wir wundern uns, weil es erst 21 Uhr ist und der Topf-Schlag-Protest f\u00fcr die Unabh\u00e4ngigkeit normalerweise erst um 22 Uhr beginnt. Doch heute h\u00e4lt der K\u00f6nig gerade eine Ansprache zu Katalonien. Und von einem K\u00f6nig will man sich offensichtlich nichts \u00fcber Demokratie erz\u00e4hlen lassen.<\/p>\n<p align=\"justify\"><i>Antifaschistische Linke Freiburg (IL), Organisierte Linke Heilbronn (IL) &amp; Friends, Oktober 2017.<\/i><\/p>\n<p align=\"justify\"><img decoding=\"async\" loading=\"lazy\" class=\"aligncenter size-medium wp-image-5430\" src=\"https:\/\/www.antifaschistische-linke.de\/wp-content\/uploads\/Demo_Vilanova6-300x199-1-300x199.jpg\" alt=\"\" width=\"300\" height=\"199\" \/> <img decoding=\"async\" loading=\"lazy\" class=\"aligncenter size-medium wp-image-5429\" src=\"https:\/\/www.antifaschistische-linke.de\/wp-content\/uploads\/Demo_Barcelona6-199x300-199x300.jpg\" alt=\"\" width=\"199\" height=\"300\" \/> <img decoding=\"async\" loading=\"lazy\" class=\"aligncenter size-medium wp-image-5433\" src=\"https:\/\/www.antifaschistische-linke.de\/wp-content\/uploads\/Demo_Vilanova10-300x200-1-300x200.jpg\" alt=\"\" width=\"300\" height=\"200\" \/> <img decoding=\"async\" loading=\"lazy\" class=\"aligncenter size-medium wp-image-5436\" src=\"https:\/\/www.antifaschistische-linke.de\/wp-content\/uploads\/Demo_Vilanova14-300x200-1-300x200.jpg\" alt=\"\" width=\"300\" height=\"200\" \/> <img decoding=\"async\" loading=\"lazy\" class=\"aligncenter size-medium wp-image-5435\" src=\"https:\/\/www.antifaschistische-linke.de\/wp-content\/uploads\/Demo_Vilanova12-300x200-1-300x200.jpg\" alt=\"\" width=\"300\" height=\"200\" \/> <img decoding=\"async\" loading=\"lazy\" class=\"aligncenter size-medium wp-image-5427\" src=\"https:\/\/www.antifaschistische-linke.de\/wp-content\/uploads\/Demo_Barcelona4-300x200-300x200.jpg\" alt=\"\" width=\"300\" height=\"200\" \/> <img decoding=\"async\" loading=\"lazy\" class=\"aligncenter size-medium wp-image-5426\" src=\"https:\/\/www.antifaschistische-linke.de\/wp-content\/uploads\/Demo_Barcelona3-199x300-199x300.jpg\" alt=\"\" width=\"199\" height=\"300\" \/> <img decoding=\"async\" loading=\"lazy\" class=\"aligncenter size-medium wp-image-5434\" src=\"https:\/\/www.antifaschistische-linke.de\/wp-content\/uploads\/Demo_Vilanova11-300x200-1-300x200.jpg\" alt=\"\" width=\"300\" height=\"200\" \/><\/p>\n<p align=\"justify\">\n","protected":false},"excerpt":{"rendered":"<p>Im Oktober 2017 war eine Delegation der Antifaschistischen Linken Freiburg (IL), Organisierten Linken Heilbronn (IL) &amp; Friends in Katalonien, um das Referendum \u00fcber die Unabh\u00e4ngigkeit von Spanien zu beobachten. Zudem sollte sich auch mit der katalanischen Linken ausgetauscht werden. Die folgenden Eindr\u00fccke sind dabei entstanden. Generalstreik am 03. Oktober 2017 Am Dienstag sind die meisten [&hellip;]<\/p>\n","protected":false},"author":1,"featured_media":5444,"comment_status":"closed","ping_status":"closed","sticky":false,"template":"","format":"standard","meta":[],"categories":[6],"tags":[985,608,983,984,986],"_links":{"self":[{"href":"https:\/\/www.antifaschistische-linke.de\/index.php?rest_route=\/wp\/v2\/posts\/5422"}],"collection":[{"href":"https:\/\/www.antifaschistische-linke.de\/index.php?rest_route=\/wp\/v2\/posts"}],"about":[{"href":"https:\/\/www.antifaschistische-linke.de\/index.php?rest_route=\/wp\/v2\/types\/post"}],"author":[{"embeddable":true,"href":"https:\/\/www.antifaschistische-linke.de\/index.php?rest_route=\/wp\/v2\/users\/1"}],"replies":[{"embeddable":true,"href":"https:\/\/www.antifaschistische-linke.de\/index.php?rest_route=%2Fwp%2Fv2%2Fcomments&post=5422"}],"version-history":[{"count":0,"href":"https:\/\/www.antifaschistische-linke.de\/index.php?rest_route=\/wp\/v2\/posts\/5422\/revisions"}],"wp:featuredmedia":[{"embeddable":true,"href":"https:\/\/www.antifaschistische-linke.de\/index.php?rest_route=\/wp\/v2\/media\/5444"}],"wp:attachment":[{"href":"https:\/\/www.antifaschistische-linke.de\/index.php?rest_route=%2Fwp%2Fv2%2Fmedia&parent=5422"}],"wp:term":[{"taxonomy":"category","embeddable":true,"href":"https:\/\/www.antifaschistische-linke.de\/index.php?rest_route=%2Fwp%2Fv2%2Fcategories&post=5422"},{"taxonomy":"post_tag","embeddable":true,"href":"https:\/\/www.antifaschistische-linke.de\/index.php?rest_route=%2Fwp%2Fv2%2Ftags&post=5422"}],"curies":[{"name":"wp","href":"https:\/\/api.w.org\/{rel}","templated":true}]}}