{"id":5465,"date":"2017-11-08T14:51:57","date_gmt":"2017-11-08T13:51:57","guid":{"rendered":"https:\/\/www.antifaschistische-linke.de\/?p=5465"},"modified":"2017-12-13T23:33:16","modified_gmt":"2017-12-13T22:33:16","slug":"alles-anders-solidarisch-statt-sicher-uns-sauber-stadt-von-unten-statt-green-city","status":"publish","type":"post","link":"https:\/\/www.antifaschistische-linke.de\/?p=5465","title":{"rendered":"Alles anders! Solidarisch statt sicher und sauber \u2013 Stadt von unten statt Green City!"},"content":{"rendered":"<p>Offener Gespr\u00e4chsabend mit der Antifaschistischen Linken Freiburg (IL) zum Thema:<\/p>\n<p class=\"entry-title\"><strong>Solidarisch statt sicher und sauber \u2013 Stadt von unten statt Green City!<\/strong><\/p>\n<p class=\"entry-title\"><strong>Fr. 10.11| 18:30 Uhr| LiZ|<\/strong><\/p>\n<p><strong>Was ist \u00bbAlles anders\u00ab?<\/strong><br \/>\n\u00bbAlles anders\u00ab ist ein offener Gespr\u00e4chsabend mit der Antifaschistischen Linken Freiburg (IL). In entspannter Atmosph\u00e4re wollen wir uns \u00fcber aktuelle politische Themen, Strategien und Handlungsalternativen austauschen. Dabei steht jeder Abend unter einem thematischen Schwerpunkt \u2013 vom Aufstieg der AfD \u00fcber Klimak\u00e4mpfe bis hin zur Frage, warum wir noch immer im Kapitalismus leben. Egal, ob ihr nur reinschnuppern, einen geselligen Abend verbringen oder mitdiskutieren wollt \u2013 jede_r ist herzlich willkommen. Wir freuen uns auf euch!<\/p>\n<p>Danach: <strong>IL-Kneipe: <\/strong>Musik, Drinks und die Gelegenheit mit der Interventionistischen Linken ins Gespr\u00e4ch zu kommen<\/p>\n","protected":false},"excerpt":{"rendered":"<p>Offener Gespr\u00e4chsabend mit der Antifaschistischen Linken Freiburg (IL) zum Thema: Solidarisch statt sicher und sauber \u2013 Stadt von unten statt Green City! Fr. 10.11| 18:30 Uhr| LiZ| Was ist \u00bbAlles anders\u00ab? \u00bbAlles anders\u00ab ist ein offener Gespr\u00e4chsabend mit der Antifaschistischen Linken Freiburg (IL). In entspannter Atmosph\u00e4re wollen wir uns \u00fcber aktuelle politische Themen, Strategien und [&hellip;]<\/p>\n","protected":false},"author":1,"featured_media":5466,"comment_status":"closed","ping_status":"closed","sticky":false,"template":"","format":"standard","meta":[],"categories":[969,7,11],"tags":[],"_links":{"self":[{"href":"https:\/\/www.antifaschistische-linke.de\/index.php?rest_route=\/wp\/v2\/posts\/5465"}],"collection":[{"href":"https:\/\/www.antifaschistische-linke.de\/index.php?rest_route=\/wp\/v2\/posts"}],"about":[{"href":"https:\/\/www.antifaschistische-linke.de\/index.php?rest_route=\/wp\/v2\/types\/post"}],"author":[{"embeddable":true,"href":"https:\/\/www.antifaschistische-linke.de\/index.php?rest_route=\/wp\/v2\/users\/1"}],"replies":[{"embeddable":true,"href":"https:\/\/www.antifaschistische-linke.de\/index.php?rest_route=%2Fwp%2Fv2%2Fcomments&post=5465"}],"version-history":[{"count":0,"href":"https:\/\/www.antifaschistische-linke.de\/index.php?rest_route=\/wp\/v2\/posts\/5465\/revisions"}],"wp:featuredmedia":[{"embeddable":true,"href":"https:\/\/www.antifaschistische-linke.de\/index.php?rest_route=\/wp\/v2\/media\/5466"}],"wp:attachment":[{"href":"https:\/\/www.antifaschistische-linke.de\/index.php?rest_route=%2Fwp%2Fv2%2Fmedia&parent=5465"}],"wp:term":[{"taxonomy":"category","embeddable":true,"href":"https:\/\/www.antifaschistische-linke.de\/index.php?rest_route=%2Fwp%2Fv2%2Fcategories&post=5465"},{"taxonomy":"post_tag","embeddable":true,"href":"https:\/\/www.antifaschistische-linke.de\/index.php?rest_route=%2Fwp%2Fv2%2Ftags&post=5465"}],"curies":[{"name":"wp","href":"https:\/\/api.w.org\/{rel}","templated":true}]}}