{"id":5471,"date":"2017-11-25T14:51:13","date_gmt":"2017-11-25T13:51:13","guid":{"rendered":"https:\/\/www.antifaschistische-linke.de\/?p=5471"},"modified":"2017-11-27T18:03:10","modified_gmt":"2017-11-27T17:03:10","slug":"blickpunkt-internationalismus-unabhaengigkeitsbewegung-in-katalonien","status":"publish","type":"post","link":"https:\/\/www.antifaschistische-linke.de\/?p=5471","title":{"rendered":"Blickpunkt Internationalismus: Veranstaltung mit Ralf Streck. Unabh\u00e4ngigkeitsbewegung in Katalonien"},"content":{"rendered":"<p><strong>Veranstaltung mit Ralf Streck zum Thema: Unabh\u00e4ngigkeitsbewegung in Katalonien<\/strong><\/p>\n<p><strong>Dienstag, 28.11. | 20.15 Uhr | Linkes Zentrum Freiburg, Gl\u00fcmerstra\u00dfe 2<\/strong><\/p>\n<p>Am 21.Dezember finden in Katalonien vom spanischen Zentralstaat angesetze Neuwahlen des dortigen Regionalparlaments statt. Hintergrund ist das Anfang Oktober abgehaltene Referendum der Unabh\u00e4ngigkeitsbewegung, bei dem knapp zwei Millionen Menschen f\u00fcr eine Abspaltung von Spanien stimmten. Der spanische Staat reagierte mit der Absetzung der Regierung und der Inhaftierung des Teils der katalanischen Regierung, der sich weder im Exil befindet noch sich \u00f6ffentlich distanzierte. Bereits die Abstimmung als solche musste von einer breiten, zivilgesellschaftlichen Bewegung durchgesetzt werden. Wie ist der aktuelle Stand des Unabh\u00e4ngigkeitsprozess? Welche Rolle spielen linke Kr\u00e4fte in der Bewegung? Welche Motive bewegen die Aktivist_innen vor Ort? Wie verh\u00e4lt sich die spanische Linke zu der Unabh\u00e4ngigkeitsbewegung? Dar\u00fcber wollen wir mit Ralf Streck, Journalist und \u00dcbersetzer sprechen. Er lebt im Baskenland und hat in den letzten Wochen regelm\u00e4\u00dfig Artikel zu Katalonien ver\u00f6ffentlicht: <a class=\"moz-txt-link-freetext\" href=\"https:\/\/www.heise.de\/tp\/autoren\/Ralf-Streck-3458975.html\">https:\/\/www.heise.de\/tp\/autoren\/Ralf-Streck-3458975.html<\/a><\/p>\n","protected":false},"excerpt":{"rendered":"<p>Veranstaltung mit Ralf Streck zum Thema: Unabh\u00e4ngigkeitsbewegung in Katalonien Dienstag, 28.11. | 20.15 Uhr | Linkes Zentrum Freiburg, Gl\u00fcmerstra\u00dfe 2 Am 21.Dezember finden in Katalonien vom spanischen Zentralstaat angesetze Neuwahlen des dortigen Regionalparlaments statt. Hintergrund ist das Anfang Oktober abgehaltene Referendum der Unabh\u00e4ngigkeitsbewegung, bei dem knapp zwei Millionen Menschen f\u00fcr eine Abspaltung von Spanien stimmten. [&hellip;]<\/p>\n","protected":false},"author":1,"featured_media":5444,"comment_status":"closed","ping_status":"closed","sticky":false,"template":"","format":"standard","meta":[],"categories":[6,7,11],"tags":[983,526],"_links":{"self":[{"href":"https:\/\/www.antifaschistische-linke.de\/index.php?rest_route=\/wp\/v2\/posts\/5471"}],"collection":[{"href":"https:\/\/www.antifaschistische-linke.de\/index.php?rest_route=\/wp\/v2\/posts"}],"about":[{"href":"https:\/\/www.antifaschistische-linke.de\/index.php?rest_route=\/wp\/v2\/types\/post"}],"author":[{"embeddable":true,"href":"https:\/\/www.antifaschistische-linke.de\/index.php?rest_route=\/wp\/v2\/users\/1"}],"replies":[{"embeddable":true,"href":"https:\/\/www.antifaschistische-linke.de\/index.php?rest_route=%2Fwp%2Fv2%2Fcomments&post=5471"}],"version-history":[{"count":0,"href":"https:\/\/www.antifaschistische-linke.de\/index.php?rest_route=\/wp\/v2\/posts\/5471\/revisions"}],"wp:featuredmedia":[{"embeddable":true,"href":"https:\/\/www.antifaschistische-linke.de\/index.php?rest_route=\/wp\/v2\/media\/5444"}],"wp:attachment":[{"href":"https:\/\/www.antifaschistische-linke.de\/index.php?rest_route=%2Fwp%2Fv2%2Fmedia&parent=5471"}],"wp:term":[{"taxonomy":"category","embeddable":true,"href":"https:\/\/www.antifaschistische-linke.de\/index.php?rest_route=%2Fwp%2Fv2%2Fcategories&post=5471"},{"taxonomy":"post_tag","embeddable":true,"href":"https:\/\/www.antifaschistische-linke.de\/index.php?rest_route=%2Fwp%2Fv2%2Ftags&post=5471"}],"curies":[{"name":"wp","href":"https:\/\/api.w.org\/{rel}","templated":true}]}}