{"id":5507,"date":"2017-12-31T17:59:41","date_gmt":"2017-12-31T16:59:41","guid":{"rendered":"https:\/\/www.antifaschistische-linke.de\/?p=5507"},"modified":"2017-12-31T17:59:41","modified_gmt":"2017-12-31T16:59:41","slug":"alles-anders-diskussion-mit-der-antifaschistischen-linken-il-zum-thema-neue-klassenpolitik","status":"publish","type":"post","link":"https:\/\/www.antifaschistische-linke.de\/?p=5507","title":{"rendered":"Alles Anders! Diskussion mit der Antifaschistischen Linken (IL) zum Thema: Neue Klassenpolitik"},"content":{"rendered":"<p>Offener Gespr\u00e4chsabend mit der Antifaschistischen Linken Freiburg (IL) zum Thema:<\/p>\n<h3><strong>Neue Klassenpolitik| Freitag 12. Januar| 18:30 Uhr| LiZ<\/strong><\/h3>\n<p align=\"justify\">\u201e<span style=\"font-size: medium;\">Die Geschichte aller bisherigen Gesellschaften ist die Geschichte von Klassenk\u00e4mpfen.\u201c Was Marx und Engels im Kommunistischen Manifest noch als Grundlegend f\u00fcr linke Theorie befanden, scheint seit l\u00e4ngerem aus der Mode gekommen zu sein. Erst in j\u00fcngere Zeit wird wieder in der gesamten Linken \u00fcber ein Revival der Klassenpolitik diskutiert. Doch warum macht es Sinn in einer scheinbar individualisierten Gesellschaft \u00fcberhaupt noch von Klassen sprechen? Welche K\u00e4mpfe lassen sich in einer Neuen Klassenpolitik verbinden und wie lassen sich diese konkret organisieren?<\/span><\/p>\n<p><strong>Was ist \u00bbAlles anders\u00ab?<\/strong><br \/>\n\u00bbAlles anders\u00ab ist ein offener Gespr\u00e4chsabend mit der Antifaschistischen Linken Freiburg (IL). In entspannter Atmosph\u00e4re wollen wir uns \u00fcber aktuelle politische Themen, Strategien und Handlungsalternativen austauschen. Dabei steht jeder Abend unter einem thematischen Schwerpunkt \u2013 vom Aufstieg der AfD \u00fcber Klimak\u00e4mpfe bis hin zur Frage, warum wir noch immer im Kapitalismus leben. Egal, ob ihr nur reinschnuppern, einen geselligen Abend verbringen oder mitdiskutieren wollt \u2013 jede_r ist herzlich willkommen. Wir freuen uns auf euch!<\/p>\n<p>Danach: <strong>IL-Kneipe: <\/strong>Musik, Drinks und die Gelegenheit mit der Interventionistischen Linken ins Gespr\u00e4ch zu kommen<\/p>\n","protected":false},"excerpt":{"rendered":"<p>Offener Gespr\u00e4chsabend mit der Antifaschistischen Linken Freiburg (IL) zum Thema: Neue Klassenpolitik| Freitag 12. Januar| 18:30 Uhr| LiZ \u201eDie Geschichte aller bisherigen Gesellschaften ist die Geschichte von Klassenk\u00e4mpfen.\u201c Was Marx und Engels im Kommunistischen Manifest noch als Grundlegend f\u00fcr linke Theorie befanden, scheint seit l\u00e4ngerem aus der Mode gekommen zu sein. Erst in j\u00fcngere Zeit [&hellip;]<\/p>\n","protected":false},"author":1,"featured_media":5509,"comment_status":"closed","ping_status":"closed","sticky":false,"template":"","format":"standard","meta":[],"categories":[969,4,7,9,11],"tags":[970,608,997,998,999,966],"_links":{"self":[{"href":"https:\/\/www.antifaschistische-linke.de\/index.php?rest_route=\/wp\/v2\/posts\/5507"}],"collection":[{"href":"https:\/\/www.antifaschistische-linke.de\/index.php?rest_route=\/wp\/v2\/posts"}],"about":[{"href":"https:\/\/www.antifaschistische-linke.de\/index.php?rest_route=\/wp\/v2\/types\/post"}],"author":[{"embeddable":true,"href":"https:\/\/www.antifaschistische-linke.de\/index.php?rest_route=\/wp\/v2\/users\/1"}],"replies":[{"embeddable":true,"href":"https:\/\/www.antifaschistische-linke.de\/index.php?rest_route=%2Fwp%2Fv2%2Fcomments&post=5507"}],"version-history":[{"count":0,"href":"https:\/\/www.antifaschistische-linke.de\/index.php?rest_route=\/wp\/v2\/posts\/5507\/revisions"}],"wp:featuredmedia":[{"embeddable":true,"href":"https:\/\/www.antifaschistische-linke.de\/index.php?rest_route=\/wp\/v2\/media\/5509"}],"wp:attachment":[{"href":"https:\/\/www.antifaschistische-linke.de\/index.php?rest_route=%2Fwp%2Fv2%2Fmedia&parent=5507"}],"wp:term":[{"taxonomy":"category","embeddable":true,"href":"https:\/\/www.antifaschistische-linke.de\/index.php?rest_route=%2Fwp%2Fv2%2Fcategories&post=5507"},{"taxonomy":"post_tag","embeddable":true,"href":"https:\/\/www.antifaschistische-linke.de\/index.php?rest_route=%2Fwp%2Fv2%2Ftags&post=5507"}],"curies":[{"name":"wp","href":"https:\/\/api.w.org\/{rel}","templated":true}]}}