{"id":5542,"date":"2018-01-27T11:10:17","date_gmt":"2018-01-27T10:10:17","guid":{"rendered":"https:\/\/www.antifaschistische-linke.de\/?p=5542"},"modified":"2018-01-27T11:10:17","modified_gmt":"2018-01-27T10:10:17","slug":"rede-zur-tuerkischen-militaeroffensive-gegen-afrin","status":"publish","type":"post","link":"https:\/\/www.antifaschistische-linke.de\/?p=5542","title":{"rendered":"Rede zur t\u00fcrkischen Milit\u00e4roffensive gegen Afrin"},"content":{"rendered":"<p>Folgende Rede haben wir am Donnerstag auf der Kundgebung &#8222;T\u00fcrkei: H\u00e4nde weg von Afrin \/ BRD: Keine Waffen f\u00fcr die T\u00fcrkei&#8220; verlesen!<\/p>\n<p>&#8222;Heute ist bereits der f\u00fcnfte Tag seit dem offiziellen Beginn der t\u00fcrkischen Milit\u00e4roffensive gegen Afrin. W\u00e4hrend die t\u00fcrkische Regierung behauptet, diese Offensive richte sich gegen \u201eterroristische Organisationen\u201c spricht die Realit\u00e4t eine andere Sprache. Ziel der Angriffe sind die Zivilbev\u00f6lkerung des Kantons und die kurdischen Selbstverteidigungskr\u00e4fte. Statt der Unterst\u00fctzung, die der YPG\/YPJ f\u00fcr ihren entschiedenen Kampf gegen den IS geb\u00fchrt, ist der Dank ihre Brandmarkung als Terrororganisation und die Bombardierung der von ihnen verteidigten Gebiete. Und das alles trotz oder viel mehr gerade wegen der gro\u00dfartigen Errungenschaften, die dort gerade erstritten werden. Auch wenn der erfolgreiche Kampf gegen den IS mit Sicherheit ein gro\u00dfer Erfolg ist, so wird man der Demokratischen Konf\u00f6deration Nordsyrien (auch bekannt als Rojava) doch erst gerecht, wenn man die beeindruckenden Fortschritte w\u00fcrdigt, die dort auf gesellschaftlicher Ebene gemacht werden. Die Menschen des mittleren Ostens nehmen in Rojava ihr Schicksal selbst in die Hand und streiten f\u00fcr Demokratie, Frauenbefreiung und ein friedliches Zusammenleben. Damit beschreiten sie einen Weg abseits von Imperialismus und Unterdr\u00fcckung und machen stattdessen Selbstverwaltung und Solidarit\u00e4t zu den Grundpfeilern ihrer Gemeinschaft.<\/p>\n<p>Und die Verteidiger_innen von diesem fortschrittlichen Prozess sollen Terrorist_innen sein? Wir wissen es besser. Terror geht aus von Ankara und dem Regime Erdogans. Schon lange f\u00fchrt dieser einen grausamen Krieg gegen die Kurd_innen, denen nach wie vor ihr Recht auf Selbstbestimmung verwehrt bleibt. Der wahre Grund f\u00fcr den Angriff besteht nicht etwa im Kampf gegen Terror. Nein, Erdogan hat erkannt, dass die Revolution in Rojava seinen Interessen im Weg steht und ist darum bereit, sie mit allen Mitteln zu zerschlagen. Dennoch: Der Angriff auf Afrin w\u00e4re nicht m\u00f6glich gewesen, w\u00e4re er nicht von den imperialistischen M\u00e4chten Russland und den USA gebilligt worden. Auch die Bundesrepublik Deutschland ist sich nicht zu schade, an diesem schmutzigen Krieg zu verdienen. W\u00e4hrend mit deutschen Leopard-2-Panzern in Syrien diejenigen angegriffen werden, die als einzige in der Region f\u00fcr eine demokratische Gesellschaft stehen, schlie\u00dft Au\u00dfenminister Sigmar Gabriel weitere Waffendeals mit dem t\u00fcrkischen Terrorregime. Konkret geht es um die Aufr\u00fcstung eben der Panzer, die gerade die Menschen beschie\u00dfen, die in Syrien am entschiedensten f\u00fcr den Frieden k\u00e4mpfen.<\/p>\n<p>Gerade aufgrund der Unterst\u00fctzung Erdogans durch die Regierung der BRD ist es in diesen Tagen besonders wichtig, hier vor Ort Widerstand gegen die Politik der Bundesregierung zu leisten. Auch wir, die Antifaschistische Linke Freiburg, betrachten es als unsere Pflicht, unseren kurdischen Genoss_innen solidarisch beizustehen. Wir rufen alle fortschrittlichen Kr\u00e4fte dazu auf, es uns gleichzutun und den Schulterschluss mit der kurdischen Befreiungsbewegung zu suchen. K\u00e4mpfen wir gemeinsam gegen Krieg! Diesen Samstag um 16:00 Uhr treffen wir uns hier auf dem Rathausplatz f\u00fcr eine Demonstration. Lasst uns dem deutschen Staat zeigen, was wir von seiner Politik halten.<\/p>\n<p>Afrin, du bist nicht allein! Hoch die internationale Solidarit\u00e4t!&#8220;<\/p>\n","protected":false},"excerpt":{"rendered":"<p>Folgende Rede haben wir am Donnerstag auf der Kundgebung &#8222;T\u00fcrkei: H\u00e4nde weg von Afrin \/ BRD: Keine Waffen f\u00fcr die T\u00fcrkei&#8220; verlesen! &#8222;Heute ist bereits der f\u00fcnfte Tag seit dem offiziellen Beginn der t\u00fcrkischen Milit\u00e4roffensive gegen Afrin. W\u00e4hrend die t\u00fcrkische Regierung behauptet, diese Offensive richte sich gegen \u201eterroristische Organisationen\u201c spricht die Realit\u00e4t eine andere Sprache. [&hellip;]<\/p>\n","protected":false},"author":1,"featured_media":5543,"comment_status":"closed","ping_status":"closed","sticky":false,"template":"","format":"standard","meta":[],"categories":[1,5,6],"tags":[],"_links":{"self":[{"href":"https:\/\/www.antifaschistische-linke.de\/index.php?rest_route=\/wp\/v2\/posts\/5542"}],"collection":[{"href":"https:\/\/www.antifaschistische-linke.de\/index.php?rest_route=\/wp\/v2\/posts"}],"about":[{"href":"https:\/\/www.antifaschistische-linke.de\/index.php?rest_route=\/wp\/v2\/types\/post"}],"author":[{"embeddable":true,"href":"https:\/\/www.antifaschistische-linke.de\/index.php?rest_route=\/wp\/v2\/users\/1"}],"replies":[{"embeddable":true,"href":"https:\/\/www.antifaschistische-linke.de\/index.php?rest_route=%2Fwp%2Fv2%2Fcomments&post=5542"}],"version-history":[{"count":0,"href":"https:\/\/www.antifaschistische-linke.de\/index.php?rest_route=\/wp\/v2\/posts\/5542\/revisions"}],"wp:featuredmedia":[{"embeddable":true,"href":"https:\/\/www.antifaschistische-linke.de\/index.php?rest_route=\/wp\/v2\/media\/5543"}],"wp:attachment":[{"href":"https:\/\/www.antifaschistische-linke.de\/index.php?rest_route=%2Fwp%2Fv2%2Fmedia&parent=5542"}],"wp:term":[{"taxonomy":"category","embeddable":true,"href":"https:\/\/www.antifaschistische-linke.de\/index.php?rest_route=%2Fwp%2Fv2%2Fcategories&post=5542"},{"taxonomy":"post_tag","embeddable":true,"href":"https:\/\/www.antifaschistische-linke.de\/index.php?rest_route=%2Fwp%2Fv2%2Ftags&post=5542"}],"curies":[{"name":"wp","href":"https:\/\/api.w.org\/{rel}","templated":true}]}}