{"id":560,"date":"2010-12-08T23:45:31","date_gmt":"2010-12-08T21:45:31","guid":{"rendered":"http:\/\/alfr.blogsport.de\/?p=560"},"modified":"2010-12-08T23:45:31","modified_gmt":"2010-12-08T21:45:31","slug":"wir-zahlen-nicht-fuer-eure-krise-2","status":"publish","type":"post","link":"https:\/\/www.antifaschistische-linke.de\/?p=560","title":{"rendered":"Wir zahlen nicht f\u00fcr eure Krise"},"content":{"rendered":"<p><img decoding=\"async\" src=\"http:\/\/www.antifaschistische-linke.de\/Bilder\/krise.jpg\" align=\"left\" width=\"170\" alt=\"\" \/><strong>Freiburger B\u00fcndnis \u201eWir zahlen nicht f\u00fcr eure Krise!\u201c  setzt seine Aktionen fort<\/strong><\/p>\n<p>Hunderttausende nahmen in den letzten Monaten an den Aktionen \u201eGerecht geht anders\u201c teil.<br \/>\nIn vielen Betrieben fanden dazu Betriebs- und Personalversammlungen statt. Nicht nur in Deutschland, in vielen anderen L\u00e4ndern fanden Kundgebungen, Demonstrationen und Generalstreiks statt. Trotzdem f\u00fchren die Regierungen ihre Politik des Umverteilens von Unten nach Oben weiter fort. W\u00e4hrend eine Bankenrettung der anderen folgt und die Rettungsschirme in den Europ\u00e4ischen L\u00e4ndern wiederum vor allem den Banken n\u00fctzen, werden europaweit Sozialprogramme zusammengestrichen.<\/p>\n<p>Es ist daher weiter notwendig, sich gegen die Abw\u00e4lzung der Krisenlasten auf den R\u00fccken der Besch\u00e4ftigten, Erwerbslosen, Rentner\/innen, Sch\u00fcler\/innen und Studenten\/innen zu wehren. Warum?<!--more--><\/p>\n<p>1. Die Bundesregierung plant weitere Belastungen, bei der ausschlie\u00dflich die Besch\u00e4ftigten und Versicherten zur Kasse gebeten werden. Konzerne, Multimillion\u00e4re und Spekulanten werden verschont. Im Januar schon m\u00fcssen die Besch\u00e4ftigten die erh\u00f6hten Krankenkassenbeitr\u00e4ge tragen. Die Pflegeversicherung soll folgen.<\/p>\n<p>2. Zahlreiche Besch\u00e4ftigte bangen um ihre Arbeitspl\u00e4tze. Produktionsstandorte werden verlagert oder geschlossen. Der Strukturwandel ist in vollem Gange und muss sozial gestaltet werden. Die Zahl der im Niedriglohnbereich Besch\u00e4ftigten nimmt dramatisch zu, ebenfalls die Zahl ungesicherter Arbeitsverh\u00e4ltnisse- in Freiburg bereits jeder dritte Arbeitsplatz. Eine wachsende Zahl von Besch\u00e4ftigten kann von ihrem Lohn nicht eigenst\u00e4ndig leben. Viele Jugendliche werden nach der Ausbildung nicht oder nur befristet und\/oder in Teilzeit \u00fcbernommen. In Freiburg lebt jedes dritte Kind in Armut.<\/p>\n<p>3. Den Kommunen fehlen die Gelder, die durch Steuergeschenke an Konzerne und Verm\u00f6gende verschenkt werden. Sie reagieren auf die Steuereinbr\u00fcche und ihre strukturelle Finanzmisere h\u00e4ufig mit Personalabbau, Geb\u00fchrenerh\u00f6hung und Abbau der \u00f6ffentlichen Daseinsvorsorge, also zu Lasten der B\u00fcrger\/innen und der Besch\u00e4ftigten. <\/p>\n<p><strong>Wir wollen:<br \/>\ndass die Jugend eine Zukunft hat \u2013 also Ausbildungspl\u00e4tze mit \u00dcbernahme nach der Ausbildung<br \/>\ndass die Rente mit 67 zur\u00fcckgenommen wird<br \/>\ndass Arbeitspl\u00e4tze gesichert und Standorte erhalten werden<br \/>\ndie Einf\u00fchrung eines gesetzlichen Mindestlohns<br \/>\n tariflich und sozial regulierte satt ungesicherte Arbeitsverh\u00e4ltnisse<br \/>\neine bessere Finanzausstattung der Kommunen<br \/>\nmehr Geld f\u00fcr Bildung <\/strong><\/p>\n<p><strong>B\u00fcndnistreffen am Montag, den 24. Januar 2011<br \/>\num 19:30 Uhr im DGB Haus Freiburg, Hebelstr.10<\/strong><\/p>\n<p><strong>Wir zahlen nicht f\u00fcr Eure Krise! F\u00fcr eine solidarische Gesellschaft!<\/strong><\/p>\n<p><strong>Das B\u00fcndnis wird unterst\u00fctzt vom:<\/strong><br \/>\nver.di Ortsverein Freiburg; DGB S\u00fcdbaden-Hochrhein; DGB-Hochschulgruppe; DGB Ortsverein Freiburg; Eva Roth-Bleckwehl,Referentin f\u00fcr Arbeitnehmerseelsorge\/KAB Region Breisgau-Schwarzwald-Baar; Linke Liste \u2013 Solidarische Stadt; DIE LINKE,Kreisverband Freiburg; DIE LINKE, Kreisverband Breisgau\/Hochschwarzwald; Heidrun Maitreau; Hagen Battran (GEW); Runder Tischzu den Auswirkungen der Hartz-Gesetze in Freiburg; Die Linke.SDS Freiburg und Linksjugend Freiburg; Dirk Sp\u00f6ri, DIE LINKE Landesvorstand Baden-W\u00fcrttemberg; DKP Freiburg; SDAJ Freiburg; BildungsstreikB\u00fcndnis; attac Freiburg; Kirchlicher Dienst in derArbeitswelt (KDA) S\u00fcdbaden; Bernhard Schaaf, ver.di; ver.di; Ulrike Schubert Stadtr\u00e4tin Unabh\u00e4ngige Listen \/ Linke Liste Solidarische Stadt; GEW Freiburg; Die junge GEW , Freiburg; ver.di-Jugend, Bezirk S\u00fcdbaden; Antifaschistische Linke Freiburg (ALFR);MLPD Freiburg; Michel Moos Stadtrat UL;<\/p>\n","protected":false},"excerpt":{"rendered":"<p>Freiburger B\u00fcndnis \u201eWir zahlen nicht f\u00fcr eure Krise!\u201c setzt seine Aktionen fort Hunderttausende nahmen in den letzten Monaten an den Aktionen \u201eGerecht geht anders\u201c teil. In vielen Betrieben fanden dazu Betriebs- und Personalversammlungen statt. Nicht nur in Deutschland, in vielen anderen L\u00e4ndern fanden Kundgebungen, Demonstrationen und Generalstreiks statt. Trotzdem f\u00fchren die Regierungen ihre Politik des [&hellip;]<\/p>\n","protected":false},"author":1,"featured_media":0,"comment_status":"closed","ping_status":"closed","sticky":false,"template":"","format":"standard","meta":[],"categories":[1],"tags":[],"_links":{"self":[{"href":"https:\/\/www.antifaschistische-linke.de\/index.php?rest_route=\/wp\/v2\/posts\/560"}],"collection":[{"href":"https:\/\/www.antifaschistische-linke.de\/index.php?rest_route=\/wp\/v2\/posts"}],"about":[{"href":"https:\/\/www.antifaschistische-linke.de\/index.php?rest_route=\/wp\/v2\/types\/post"}],"author":[{"embeddable":true,"href":"https:\/\/www.antifaschistische-linke.de\/index.php?rest_route=\/wp\/v2\/users\/1"}],"replies":[{"embeddable":true,"href":"https:\/\/www.antifaschistische-linke.de\/index.php?rest_route=%2Fwp%2Fv2%2Fcomments&post=560"}],"version-history":[{"count":0,"href":"https:\/\/www.antifaschistische-linke.de\/index.php?rest_route=\/wp\/v2\/posts\/560\/revisions"}],"wp:attachment":[{"href":"https:\/\/www.antifaschistische-linke.de\/index.php?rest_route=%2Fwp%2Fv2%2Fmedia&parent=560"}],"wp:term":[{"taxonomy":"category","embeddable":true,"href":"https:\/\/www.antifaschistische-linke.de\/index.php?rest_route=%2Fwp%2Fv2%2Fcategories&post=560"},{"taxonomy":"post_tag","embeddable":true,"href":"https:\/\/www.antifaschistische-linke.de\/index.php?rest_route=%2Fwp%2Fv2%2Ftags&post=560"}],"curies":[{"name":"wp","href":"https:\/\/api.w.org\/{rel}","templated":true}]}}