{"id":5616,"date":"2018-04-02T22:42:34","date_gmt":"2018-04-02T20:42:34","guid":{"rendered":"https:\/\/www.antifaschistische-linke.de\/?p=5616"},"modified":"2018-04-02T22:42:34","modified_gmt":"2018-04-02T20:42:34","slug":"chronik-rechter-aktivitaeten-in-freiburg-und-umgebung","status":"publish","type":"post","link":"https:\/\/www.antifaschistische-linke.de\/?p=5616","title":{"rendered":"Chronik rechter Aktivit\u00e4ten in Freiburg und Umgebung"},"content":{"rendered":"<p align=\"justify\"><span style=\"font-family: Liberation Serif;\"><span style=\"font-size: medium;\">Im Dezember 2016 haben wir begonnen rechte Vorf\u00e4lle in Freiburg und Umgebung zu dokumentieren. Diese Chronik soll vor allem dazu dienen das Ausma\u00df und die H\u00e4ufigkeit dieser Vorf\u00e4lle festzustellen. Zudem erm\u00f6glicht sie eine l\u00e4ngerfristige Beobachtung der Entwicklung rechter Aktivit\u00e4ten. Dabei erheben wir kein Anspruch auf die Vollst\u00e4ndigkeit der Chronik und freuen uns \u00fcber Hinweise und Erg\u00e4nzungen. Die einzelnen Wahlkampfaktivit\u00e4ten der AfD zur Bundestagswahl sind nicht explizit enthalten, da sie in den <\/span><\/span><span style=\"font-family: Liberation Serif;\"><span style=\"font-size: medium;\"><i>normalen<\/i><\/span><\/span><span style=\"font-family: Liberation Serif;\"><span style=\"font-size: medium;\"> Parteienbetrieb fallen. Sie bestehen aus Wahlwerbung in Form von Plakaten, Infost\u00e4nden am Bertoldsbrunnen und in einigen anderen Vierteln, sowie Diskussionsveranstaltungen mit dem Direktkandidaten Volker Kempf. Allgemein waren die Rechten bei den meisten ihrer Infost\u00e4nde in Freiburg mit Protesten konfrontiert, sodass es ihnen schwer fiel eine positive Au\u00dfenwirkung zu entfalten. <\/span><\/span><\/p>\n<p align=\"justify\"><span style=\"font-family: Liberation Serif;\"><span style=\"font-size: medium;\">Obwohl das Projekt hiermit nicht abgeschlossen ist, wollen wir ein erstes Fazit ziehen und die bisherigen Vorf\u00e4lle gesammelt ver\u00f6ffentlichen. Auch in Zukunft wollen wir versuchen, die Chronik weiterzuf\u00fchren. Daher schickt uns Informationen \u00fcber Vorf\u00e4lle und Aktivit\u00e4ten die ihr registriert habt. Mails an: <b>info[at]antifaschistsche-linke.de<\/b><\/span><\/span><\/p>\n<p align=\"justify\"><span style=\"font-family: Liberation Serif;\"><span style=\"font-size: medium;\">Wie auch aus anderen antifaschistischen Publikationen hervorgeht, hat sich rund um den Freiburger Kreisverband der AfD in den letzten Jahren ein rechtes Netzwerk gebildet. Den aktivistischen Kern stellt dabei in erster Linie die Junge Alternative Freiburg (JA) dar, die personell nahezu identisch mit der Jungen Alternative S\u00fcdbaden ist, wobei zunehmend offen und selbstbewusster von den Rechten aufgetreten wird. Die aktiven Mitglieder der JA rekrutieren sich zum gr\u00f6\u00dften Teil aus der Burschenschaft Saxo-Silesia, die selbst kaum politisch in Erscheinung tritt. Antifaschistische Recherchen legen nahe, dass die Burschenschaft zumindest v\u00f6lkisch-nationalistisch, wenn nicht sogar neofaschistisch einzuordnen ist. Kaum verwunderlich ist deshalb, dass die lokale AfD und JA eindeutig dem v\u00f6lkischen Fl\u00fcgel der Partei angeh\u00f6ren. Personelle \u00dcberschneidungen und gute Kontakte bestehen auch zur klar neofaschistischen Identit\u00e4ren Bewegung (IB). <\/span><\/span><\/p>\n<p align=\"justify\"><span style=\"font-family: Liberation Serif;\"><span style=\"font-size: medium;\">Letztere tritt in Freiburg haupts\u00e4chlich \u00fcber Sticker oder Aktionen der IB-Baden und IB-Schwaben in Erscheinung. In der Vergangenheit organisierte die IB auch Stammtische in Freiburg, die aber in den letzten Monaten zumindest \u00f6ffentlich nicht mehr beworben werden.<br \/>\nSeit dem Wahlerfolg der AfD bei der letzten Bundestagswahl ist die IB allerdings vermehrt mit Aktionen in Freiburg aufgefallen.<\/span><\/span><\/p>\n<p align=\"justify\"><span style=\"font-family: Liberation Serif;\"><span style=\"font-size: medium;\">Neu, zumindest in den Medien, ist das Erscheinen von Stephan Wermter und seine Kandidatur als Oberb\u00fcrgermeister-Kandidat. Der sich nach au\u00dfen bodenst\u00e4ndig und parteilos gebende Freiburger ist wenigstens ideologisch in die N\u00e4he der AfD zu stellen. Nach einem eher verschw\u00f6rungstheoretischen \u201epolitischen\u201c Stammtisch, der Organisation eines rassistischen Aufmarsch in Gedenken an eine ermordete Freiburger Studentin, sowie diversen hetzerischen Facebook-Kommentaren, versucht er sich nun als b\u00fcrgerlicher Saubermann zu pr\u00e4sentieren. Inwieweit ihm das gelingt, werden die OB-Wahlen zeigen.<\/span><\/span><\/p>\n<p align=\"justify\"><span style=\"font-family: Liberation Serif;\"><span style=\"font-size: medium;\"><span style=\"color: #000000;\">In einer Chronik \u00fcber rechte Umtriebe in Freiburg sollte noch der allj\u00e4hrliche Marsch der christlich-fundamentalischen Pius-Bruderschaft genannt werden. <\/span>Seit mehreren Jahren findet im Fr\u00fchling der \u201eMarsch f\u00fcr das Leben\u201c statt, bei dem die Piusbr\u00fcder unter immensen Polizeischutz durch die Innenstadt laufen, gegen Homosexuelle hetzen und Frauen ihre Rechte absprechen.<\/span><\/span><\/p>\n<p align=\"justify\"><span style=\"font-family: Liberation Serif;\"><span style=\"font-size: medium;\">Erw\u00e4hnenswert ist au\u00dferdem der Studentenball der Burschenschaft Alemannia. Dieser<br \/>\nentwickelt sich zu einer der gr\u00f6\u00dften, regelm\u00e4\u00dfigen Veranstaltungen reaktion\u00e4rer Burschenschaften in Freiburg. Was sich hier als harmlose studentische Party pr\u00e4sentiert, ist bei n\u00e4herem Hinsehen ein konservatives Arrangement: reaktion\u00e4re Geschlechterbilder, Volkst\u00fcmelei und Elitedenken finden hier weitestgehend ungest\u00f6rt eine Plattform in universit\u00e4ren R\u00e4umlichkeiten.<\/span><\/span><\/p>\n<p align=\"justify\">\n<p><span style=\"font-family: Liberation Serif;\"><span style=\"font-size: medium;\"><b>Weitere Infos:<\/b><\/span><\/span><\/p>\n<p><strong><span style=\"font-family: Liberation Serif;\"><span style=\"font-size: medium;\">Informationen zu Freiburger Burschenschaften:<\/span><\/span><\/strong><span style=\"font-family: Liberation Serif;\"><span style=\"font-size: medium;\"> <a href=\"http:\/\/www.falsch-verbunden.net\/\">www.falsch-verbunden.net\/<\/a><\/span><\/span><\/p>\n<p><strong><span style=\"font-family: Liberation Serif;\"><span style=\"font-size: medium;\">Antifabrosch\u00fcre \u00fcber die Freiburger AfD\/JA\/IB \u2013 Strukturen und detailierte Infos zu den einzelnen Akteur_innen:<\/span><\/span><\/strong><span style=\"font-family: Liberation Serif;\"><span style=\"font-size: medium;\"> <a href=\"https:\/\/de.indymedia.org\/node\/18020\">https:\/\/de.indymedia.org\/node\/18020<\/a><\/span><\/span><\/p>\n<p>&nbsp;<\/p>\n<hr \/>\n<h2><span style=\"font-family: Liberation Serif;\"><span style=\"font-size: x-large;\"><b>Chronik 2017 \u2013 M\u00e4rz 2018<\/b><\/span><\/span><\/h2>\n<p>&nbsp;<\/p>\n<h2><span style=\"font-family: Liberation Serif;\"><span style=\"font-size: x-large;\"><b>Identit\u00e4re Bewegung<\/b><\/span><\/span><\/h2>\n<p><span style=\"font-family: Liberation Serif;\"><span style=\"font-size: medium;\"><b>27.3.18 <\/b>Hakenkreuz und IB-Sticker in der Urachstra\u00dfe.<\/span><\/span><\/p>\n<p><span style=\"font-family: Liberation Serif;\"><span style=\"font-size: medium;\"><b>20.03.18<\/b> IB-Sticker am Student_innenwohnheim Campo Novo in der Zollhallenstra\u00dfe<\/span><\/span><\/p>\n<p><span style=\"font-family: Liberation Serif;\"><span style=\"font-size: medium;\"><b>07.02.18 <\/b>Stammtisch der Identit\u00e4ren Bewegung in Freiburg.<\/span><\/span><\/p>\n<p><span style=\"font-family: Liberation Serif;\"><span style=\"font-size: medium;\"><b>01.02.18 <\/b>Identit\u00e4re verbreiten Flyer in B\u00fcchern der Universit\u00e4tsbibliothek.<\/span><\/span><\/p>\n<p><span style=\"font-family: Liberation Serif;\"><span style=\"font-size: medium;\"><b>06.01.18 <\/b>Identit\u00e4re bauen ein \u201eDenkstein\u201c f\u00fcr die ermordete Studentin Maria L.<\/span><\/span><\/p>\n<p><span style=\"font-family: Liberation Serif;\"><span style=\"font-size: medium;\"><b>31.12.17 <\/b>Identit\u00e4re h\u00e4ngen Plakette in Bad Krozingen auf.<\/span><\/span><\/p>\n<p><span style=\"font-family: Liberation Serif;\"><span style=\"font-size: medium;\"><b>05.11.17 <\/b>Identit\u00e4re Banneraktion <i>Multikulti toetet <\/i>an der Schlossbergbr\u00fccke.<\/span><\/span><\/p>\n<p><span style=\"font-family: Liberation Serif;\"><span style=\"font-size: medium;\"><b>04.09.17 <\/b>Transparent der Identit\u00e4ren Bewegung am Rathaus Freiburg mit Bezug auf das Gerichtsverfahren gegen Hussein K. an, welches am n\u00e4chsten Tag beginnen soll.<\/span><\/span><\/p>\n<p><span style=\"font-family: Liberation Serif;\"><span style=\"font-size: medium;\"><b>26.07.17 <\/b>Drei junge M\u00e4nner laufen Nachts mit T-Shirts der Identit\u00e4ren Bewegung durch Freiburg.<\/span><\/span><\/p>\n<p align=\"justify\"><span style=\"font-family: Liberation Serif;\"><span style=\"font-size: medium;\"><b>24.05. &#8211; 25.05.17 <\/b>In der Nacht von Mittwoch auf Donnerstag werden in Freiburg-G\u00fcnterstal einige Plakate der Identit\u00e4ren Bewegung verklebt. Kurze Zeit sp\u00e4ter entfernen antifaschistische Aktivist_innen die rechte Propaganda.<\/span><\/span><\/p>\n<p align=\"justify\"><span style=\"font-family: Liberation Serif;\"><span style=\"font-size: medium;\"><b>16.05.-17.05.17 <\/b>In der Nacht wird in die N\u00e4he der KTS ein Lamda-Symbol der Identit\u00e4ren Bewegung, sowie der Schriftzug <i>Remigration<\/i> gespr\u00fcht.<\/span><\/span><\/p>\n<p align=\"justify\"><span style=\"font-family: Liberation Serif;\"><span style=\"font-size: medium;\"><b>5.04.17 <\/b>Auf der Facebookseite der IB-Baden wird ein Stammtisch der Identit\u00e4ren Bewegung in Freiburg angek\u00fcndigt.<\/span><\/span><\/p>\n<p align=\"justify\"><span style=\"font-family: Liberation Serif;\"><span style=\"font-size: medium;\"><b>08.03.17 <\/b>Stammtisch der Identit\u00e4ren Bewegung. <\/span><\/span><\/p>\n<p align=\"justify\"><span style=\"font-family: Liberation Serif;\"><span style=\"font-size: medium;\"><b>02.02.17<\/b> Sticker der Identit\u00e4ren Bewegung am Linken Zentrum Freiburg.<\/span><\/span><\/p>\n<p align=\"justify\"><span style=\"font-family: Liberation Serif;\"><span style=\"font-size: medium;\"><b>23.01.17 <\/b>An der Uni tauchen vermehrt Aufkleber der IB auf.<\/span><\/span><\/p>\n<p align=\"justify\"><span style=\"font-family: Liberation Serif;\"><span style=\"font-size: medium;\"><b>11.12.16<\/b> Aktion der IB zusammen mit Mitglieder_innen der IB-Schwaben am M\u00fcnsterplatz. <i>Leichen<\/i> wurden ausgelegt, alles wurde fotografiert und ver\u00f6ffentlicht.<\/span><\/span><\/p>\n<p align=\"justify\">\n<h2 align=\"justify\"><span style=\"font-family: Liberation Serif;\"><span style=\"font-size: x-large;\"><b>Burschenschaften<\/b><\/span><\/span><\/h2>\n<p align=\"justify\"><span style=\"font-family: Liberation Serif;\"><span style=\"font-size: medium;\"><b>27.01.18 <\/b>Vierter Freiburger Studentenball organisiert von der Burschenschaft Alemannia.<\/span><\/span><\/p>\n<p align=\"justify\"><span style=\"font-family: Liberation Serif;\"><span style=\"font-size: medium;\"><b>13.10.17 <\/b>Die rechte Burschenschaft Teutonia flyert vor dem Markt der M\u00f6glichkeiten f\u00fcr Erstis und verteilt dazu Freibier. Nach kurzer Zeit werden sie weggeschickt.<\/span><\/span><\/p>\n<p align=\"justify\"><span style=\"font-family: Liberation Serif;\"><span style=\"font-size: medium;\"><b>01.03.17 <\/b><\/span><\/span><span style=\"font-family: Liberation Serif;\"><span style=\"font-size: medium;\">In der Innenstadt wurden viele burschenschaftliche <\/span><\/span><em><span style=\"font-family: Liberation Serif;\"><span style=\"font-size: medium;\">Voll Verbunden<\/span><\/span><\/em><span style=\"font-family: Liberation Serif;\"><span style=\"font-size: medium;\">-Sticker verklebt.<\/span><\/span><\/p>\n<p align=\"justify\"><span style=\"font-family: Liberation Serif;\"><span style=\"font-size: medium;\"><b>21.01.17 <\/b>Dritter Freiburger Studentenball organisiert von der Burschenschaft Alemannia.<\/span><\/span><\/p>\n<p align=\"justify\">\n<h2 align=\"justify\"><span style=\"font-family: Liberation Serif;\"><span style=\"font-size: x-large;\"><b>AfD und Junge Alternative (JA)<\/b><\/span><\/span><\/h2>\n<p align=\"justify\"><span style=\"font-family: Liberation Serif;\"><span style=\"font-size: medium;\"><b>22.3.18 <\/b><\/span><\/span><span style=\"font-family: Liberation Serif;\"><span style=\"font-size: medium;\">Kundgebung der Jungen Alternative Freiburg vor dem Landgericht Freiburg am Tag der Urteilsverk\u00fcndung gegen Hussein K. <\/span><\/span><em><span style=\"font-family: Liberation Serif;\"><span style=\"font-size: medium;\"><strong>(Foto 1)<\/strong> <\/span><\/span><\/em><\/p>\n<p align=\"justify\"><span style=\"font-family: Liberation Serif;\"><span style=\"font-size: medium;\"><b>15.09.17 <\/b>Volker Kempf spricht zusammen mit anderen Politiker_innen vor dem Forum Weingarten. Die Veranstaltung ist m\u00e4\u00dfig besucht. Vor dem Geb\u00e4ude halten Antifaschist_innen einen Infotisch ab und verteilen Infomaterialien. Weitere AfD-Mitglieder tauchen nicht auf. <\/span><\/span><\/p>\n<p align=\"justify\"><span style=\"font-family: Liberation Serif;\"><span style=\"font-size: medium;\"><b>14.09.17 <\/b><\/span><\/span><span style=\"font-family: Liberation Serif;\"><span style=\"font-size: medium;\">Thomas Seitz meldet eine Kundgebung unter dem Motto <\/span><\/span><span style=\"font-family: Liberation Serif;\"><span style=\"font-size: medium;\"><i>Gegen die neuen Nazis im Kreis Emmendingen<\/i><\/span><\/span><span style=\"font-family: Liberation Serif;\"><span style=\"font-size: medium;\"> an. Nur ca. 10 AfD-Mitglieder tauchen auf und stehen ca. 80 Personen gegen\u00fcber. <\/span><\/span><span style=\"font-size: medium;\"><strong><em><span style=\"font-family: Liberation Serif;\">(Foto 2)<\/span><\/em><\/strong><\/span><\/p>\n<p align=\"justify\"><span style=\"font-family: Liberation Serif;\"><span style=\"font-size: medium;\"><b>10.09.17 <\/b><\/span><\/span><span style=\"font-family: Liberation Serif;\"><span style=\"font-size: medium;\">Die AfD l\u00e4dt zu einer Veranstaltung mit J\u00f6rg Meuthen und dem Freiburger Direktkandidat Volker Kempf ins B\u00fcrgerhaus in Freiburg-Z\u00e4hringen. Bereits lange vor Beginn der Veranstaltung wurde das Gel\u00e4nde durch Polizeigitter, dutzende Polizeiwagen, BFE-Einheiten, Polizeipferde und eine Polizeihundestaffel umschlossen. Mehr als 800 antifaschistische Aktivist_innen protestieren gegen die Veranstaltung. Die Zahl der Veranstaltungsbesucher_innen bleibt, trotz der prominenten Redner_innen, eher \u00fcberschaubar. Die AfD spricht von einer \u201eroten H\u00f6lle\u201c. <\/span><\/span><span style=\"font-size: medium;\"><strong><em><span style=\"font-family: Liberation Serif;\">(Foto 3, 4)<\/span><\/em><\/strong><\/span><\/p>\n<p><span style=\"font-family: Liberation Serif;\"><span style=\"font-size: medium;\"><b>05.09.17 <\/b><\/span><\/span><span style=\"font-family: Liberation Serif;\"><span style=\"font-size: medium;\">Die Junge Alternative nutzt den Prozessauftakt gegen Hussein K. f\u00fcr eine Kundgebung vor dem Gericht. <\/span><\/span><em><span style=\"font-family: Liberation Serif;\"><span style=\"font-size: medium;\">(Foto 5, 6) <\/span><\/span><\/em><span style=\"font-family: Liberation Serif;\"><span style=\"font-size: medium;\">Quelle: http:\/\/www.badische-zeitung.de\/freiburg\/fall-maria-l-prozess-gegen-hussein-k-beginnt&#8211;141378619.html<\/span><\/span><\/p>\n<p><span style=\"font-family: Liberation Serif;\"><span style=\"font-size: medium;\"><b>03.08.17 <\/b>Zweite ordentliche Mitgliederversammlung des Doppelkreisverbands der Jungen Alternativen Freiburg\/Breisgau-Hochschwarzwald mit Wahl des neuen Vorstands.<\/span><\/span><\/p>\n<p align=\"justify\"><span style=\"font-family: Liberation Serif;\"><span style=\"font-size: medium;\"><b>23.05.17 <\/b>In Denzlingen findet eine AfD Veranstaltung statt. Meuthen und Schachtschneider redeten zum Thema <i>Innere Sicherheit<\/i> im Kultur-B\u00fcrgerhaus Denzlingen. Auch Mandic und andere Mitglieder der JA sind vor Ort und versuchen Gegendemonstrant_innen zu provozieren. Ein starkes Polizeiaufgebot schirmt die AfDler von den Gegenprotesten ab. Quelle: http:\/\/www.badische-zeitung.de\/denzlingen\/rund-200-demonstranten-aeussern-unmut-ueber-die-afd&#8211;137317942.html<\/span><\/span><\/p>\n<p align=\"justify\"><span style=\"font-family: Liberation Serif;\"><span style=\"font-size: medium;\"><b>28.04.17 <\/b>Martin E. Renner beim AfD-Kreisverband Breisgau-Hochschwarzwald im Hotel B\u00e4ren in Breisgau.<\/span><\/span><\/p>\n<p align=\"justify\"><span style=\"font-family: Liberation Serif;\"><span style=\"font-size: medium;\"><b>26.04.17 <\/b><\/span><\/span><span style=\"font-family: Liberation Serif;\"><span style=\"font-size: medium;\">Blauer Stammtisch der AfD mit Udo Stein, Landtagsabgeordneter aus Baden-W\u00fcrttemberg. Quelle: <a href=\"https:\/\/www.facebook.com\/AfD.FR\/posts\/655102944679899\">https:\/\/www.facebook.com\/AfD.FR\/posts\/655102944679899<\/a><\/span><\/span><\/p>\n<p align=\"justify\"><span style=\"font-family: Liberation Serif;\"><span style=\"font-size: medium;\"><b>26.04.17 <\/b>Wahlkampfauftakt der AfD-Kreisverbands Breisgau-Hochschwarzwald im Kurhaus Titisee-Neustadt mit Alice Weidel, Ralf \u00d6zkara und Martina B\u00f6swald. Quelle: http:\/\/www.badische-zeitung.de\/titisee-neustadt\/wahlzeit-xosu5k6yx&#8211;135990764.html<\/span><\/span><\/p>\n<p align=\"justify\"><span style=\"font-family: Liberation Serif;\"><span style=\"font-size: medium;\"><b>30.03.17 <\/b><\/span><\/span><span style=\"font-family: Liberation Serif;\"><span style=\"font-size: medium;\">Die AfD-Freiburg veranstaltet in der ehemaligen Spitalkirche in Breisach ihre Wahlkampfer\u00f6ffnung. Geladen ist Alice Weidel. Zudem tritt Volker Kempf aus Breisach auf. Demgegen\u00fcber protestieren 100 Aktivist_innen. In der Stadt sind mehrere Faschist_innen unterwegs. Dabei kommt es zu kleineren Auseinandersetzungen. <\/span><\/span><span style=\"font-size: medium;\"><strong><em><span style=\"font-family: Liberation Serif;\">(Foto 7, 8) <\/span><\/em><\/strong><\/span><span style=\"font-family: Liberation Serif;\"><span style=\"font-size: medium;\">Quelle: https:\/\/www.antifaschistische-linke.de\/?p=5127<\/span><\/span><\/p>\n<p align=\"justify\"><span style=\"font-family: Liberation Serif;\"><span style=\"font-size: medium;\"><b>16.03.17<\/b> Blauer Stammtisch der AfD in Freiburg.<\/span><\/span><\/p>\n<p align=\"justify\"><span style=\"font-family: Liberation Serif;\"><span style=\"font-size: medium;\"><b>28.02.17 <\/b>AFD Stammtisch Breisach, jeden letzten Dienstag im Monat im Hotel B\u00e4ren in Breisach am Rhein.<\/span><\/span><\/p>\n<p align=\"justify\"><span style=\"font-family: Liberation Serif;\"><span style=\"font-size: medium;\"><b>15.02.17 <\/b>Blauer Stammtisch der AfD in Freiburg.<\/span><\/span><\/p>\n<p align=\"justify\"><span style=\"font-family: Liberation Serif;\"><span style=\"font-size: medium;\"><b>04.12.16\u00a0 <\/b><\/span><\/span><span style=\"font-family: Liberation Serif;\"><span style=\"font-size: medium;\">Die Freiburger AfD rund um Reimond Hoffmann versucht den Mord an einer Studentin zu instrumentalisieren und rassistisch auszuschlachten. Dazu soll eine Kundgebung auf dem M\u00fcnsterplatz stattfinden. 15 AfDler stehen 250 Aktivist_innen gegen\u00fcber. Nur durch erheblichen Polizeischutz und den Einsatz von Pfefferspray schafften es die 15 AfDler den Ort des Geschehens wieder zu verlassen. Dabei werden Sie von mehreren hundert Aktivist_innen begleitet. Schlie\u00dflich m\u00fcssen die AfDler sichtlich verunsichert im Polizeirevier Nord Schutz suchen. Im Anschluss zieht eine antifaschistische Spontandemonstration durch die Freiburger Innenstadt. <\/span><\/span><span style=\"font-size: medium;\"><strong><em><span style=\"font-family: Liberation Serif;\">(Foto 9)<\/span><\/em><\/strong><\/span><\/p>\n<p align=\"justify\">\n<h2 align=\"justify\"><span style=\"font-family: Liberation Serif;\"><span style=\"font-size: x-large;\"><b>Nazis und andere Rechte<\/b><\/span><\/span><\/h2>\n<p align=\"justify\"><span style=\"font-family: Liberation Serif;\"><span style=\"font-size: medium;\"><b>26.03.18 <\/b>Gespr\u00fchtes Hakenkreuz auf M\u00fclleimer in der Kaiser-Joseph-Stra\u00dfe<\/span><\/span><\/p>\n<p align=\"justify\"><span style=\"font-family: Liberation Serif;\"><span style=\"font-size: medium;\"><b>23.02.18<\/b> Erneut rechte Schmierereien am Linken Zentrum Freiburg.<\/span><\/span><\/p>\n<p align=\"justify\"><span style=\"font-family: Liberation Serif;\"><span style=\"font-size: medium;\"><b>31.01.18 <\/b>Stephan Wermter veranstaltet im Zuge seiner OB-Kandidatur einen \u201eB\u00fcrgerdialog\u201c im Vereinsheim Blau-Wei\u00df Wiehre.<\/span><\/span><\/p>\n<p align=\"justify\"><span style=\"font-family: Liberation Serif;\"><span style=\"font-size: medium;\"><b>27.11.17<\/b> Nachdem wiederholt JA- und IB-Sticker am Linken Zentrum Freiburg aufgetaucht sind kommt es zum ersten Mal auch zu rechten Schmierereien. <\/span><\/span><\/p>\n<p align=\"justify\"><span style=\"font-family: Liberation Serif;\"><span style=\"font-size: medium;\"><b>14.10.17 <\/b>Rassistischer \u00dcbergriff auf eine schwarze Person durch T\u00fcrsteher_innen bei der Big-Medi-Night.<\/span><\/span><\/p>\n<p align=\"justify\"><span style=\"font-family: Liberation Serif;\"><span style=\"font-size: medium;\"><b>15.07.2017 <\/b><\/span><\/span><span style=\"font-family: Liberation Serif;\"><span style=\"font-size: medium;\">Im s\u00fcdth\u00fcringischen Themar findet eines der gr\u00f6\u00dften Nazikonzerte mit 6000 Faschist_innen statt. Vor Ort sind neben dem angeblichen <\/span><\/span><em><span style=\"font-family: Liberation Serif;\"><span style=\"font-size: medium;\">Aussteiger<\/span><\/span><\/em><span style=\"font-family: Liberation Serif;\"><span style=\"font-size: medium;\"> und versuchtem M\u00f6rder Florian Stech auch Tim L\u00f6ffelbein aus Freiburg vor Ort. Insgesamt gab es eine gemeinsame Anreise Anreise aus Baden. <\/span><\/span><strong><span style=\"font-family: Liberation Serif;\"><span style=\"font-size: medium;\">(Foto 10)<\/span><\/span><\/strong><\/p>\n<p><span style=\"font-family: Liberation Serif;\"><span style=\"font-size: medium;\"><b>01.07. 17 <\/b>Zwei Nazis auf dem Flohmarkt in der Habsburgerstra\u00dfe.<\/span><\/span><\/p>\n<p align=\"justify\"><span style=\"font-family: Liberation Serif;\"><span style=\"font-size: medium;\"><b>17.06.17 <\/b>Erneut halten rund um den Bertoldsbrunnen fundamentalistische Christ_innen eine Kundgebung ab. Dabei warnen sie vor der H\u00f6lle und erinnern daran, dass Jesus f\u00fcr unsere S\u00fcnden gestorben ist.<\/span><\/span><\/p>\n<p align=\"justify\"><span style=\"font-family: Liberation Serif;\"><span style=\"font-size: medium;\"><b>03.06.17 <\/b><\/span><\/span><span style=\"font-family: Liberation Serif;\"><span style=\"font-size: medium;\">In Karlsruhe findet der faschistische <\/span><\/span><em><span style=\"font-family: Liberation Serif;\"><span style=\"font-size: medium;\">Tag der deutschen Zukunft<\/span><\/span><\/em> <em><span style=\"font-family: Liberation Serif;\"><span style=\"font-size: medium;\">(TddZ)<\/span><\/span><\/em><span style=\"font-family: Liberation Serif;\"><span style=\"font-size: medium;\"> statt. Auch Tim L\u00f6ffelbein aus Freiburg ist vor Ort. Auf der R\u00fcckfahrt ist er mit weiteren Faschist_innen aus der Bodenseeregion mit dem Zug unterwegs. Dabei kommt es zu Auseinandersetzungen mit engagierten Antifaschist_innen. <\/span><\/span><\/p>\n<p align=\"justify\"><span style=\"font-family: Liberation Serif;\"><span style=\"font-size: medium;\"><b>19.04.17 <\/b><\/span><\/span><span style=\"font-family: Liberation Serif;\"><span style=\"font-size: medium;\">Der Nazi Tim L\u00f6ffelbein taucht auf einer Veranstaltung des lokalen <\/span><\/span><em><span style=\"font-family: Liberation Serif;\"><span style=\"font-size: medium;\">AgR<\/span><\/span><\/em><span style=\"font-family: Liberation Serif;\"><span style=\"font-size: medium;\"> auf. Nach der Veranstaltung treibt sich der Nazi noch einige Zeit in der Innenstadt herum. <\/span><\/span><\/p>\n<p align=\"justify\"><span style=\"font-family: Liberation Serif;\"><span style=\"font-size: medium;\"><b>19.04.17 <\/b>Hakenkreuze an Islamisches Zentrum gespr\u00fcht. Quelle: http:\/\/www.badische-zeitung.de\/freiburg\/hakenkreuze-am-islamischen-zentrum-in-freiburg&#8211;135822869.html<\/span><\/span><\/p>\n<p align=\"justify\"><span style=\"font-family: Liberation Serif;\"><span style=\"font-size: medium;\"><b>16.03.17 <\/b>NPD Sticker in Haslach Gartenstadt.<\/span><\/span><\/p>\n<p align=\"justify\"><span style=\"font-family: Liberation Serif;\"><span style=\"font-size: medium;\"><b>Um den 18.02.17 <\/b>Erneut tauchen rechte Flugbl\u00e4tter auf. Neben ihrem wirrem Inhalt enthalten die Bl\u00e4tter das Impressum <i>Deutscher Widerstand<\/i>.<\/span><\/span><\/p>\n<p align=\"justify\"><span style=\"font-family: Liberation Serif;\"><span style=\"font-size: medium;\"><b>15.02.17 <\/b>Der Nazi Gordon Braganza \u00fcberf\u00e4llt mit seinem Kampfhund, seiner Partnerin Vanessa Dischinger sowie deren Tochter den alternativen Laden <i>NeedfullthingzZ<\/i>. Dabei wird die Besitzerin durch Schl\u00e4ge verletzt und mit dem Kampfhund bedroht. Quelle: https:\/\/rdl.de\/beitrag\/naziangriff-im-st-hlinger<\/span><\/span><\/p>\n<p align=\"justify\"><span style=\"font-family: Liberation Serif;\"><span style=\"font-size: medium;\"><b>07.02.17 <\/b>\u201eArbeit macht frei\u201c Schriftzug an der Wiwili Br\u00fccke gesprayed. Quelle: http:\/\/www.badische-zeitung.de\/freiburg\/nazi-schmiererei-an-wiwili-bruecke-polizei-nimmt-21-jaehrigen-fest<\/span><\/span><\/p>\n<p align=\"justify\"><span style=\"font-family: Liberation Serif;\"><span style=\"font-size: medium;\"><b>06.02.17 <\/b><\/span><\/span><span style=\"font-family: Liberation Serif;\"><span style=\"font-size: medium;\">Stephan Wermter organisiert einen <\/span><\/span><em><span style=\"font-family: Liberation Serif;\"><span style=\"font-size: medium;\">politischen Stammtisch<\/span><\/span><\/em><span style=\"font-family: Liberation Serif;\"><span style=\"font-size: medium;\"> im <\/span><\/span><span style=\"font-family: Liberation Serif;\"><span style=\"font-size: medium;\"><i>Tom&#8217;s. <\/i><\/span><\/span><span style=\"font-family: Liberation Serif;\"><span style=\"font-size: medium;\">Dabei werden krude, verschw\u00f6rungstheoretische Ideen verbreitet. Bei einer Raucherpause reden sich mehrere TeilnehmerInnen antisemitisch in Rage.<\/span><\/span><\/p>\n<p align=\"justify\"><span style=\"font-family: Liberation Serif;\"><span style=\"font-size: medium;\"><b>20.01.17 <\/b>Zumindest in Wohnh\u00e4usern in der Merzh\u00e4userstra\u00dfe tauchen rechte Flugbl\u00e4tter auf. Darin hei\u00dft es, dass die Regierung den Volkstod bzw. Genozid am deutschen Volk forciert.<\/span><\/span><\/p>\n<p align=\"justify\"><span style=\"font-family: Liberation Serif;\"><span style=\"font-size: medium;\"><b>07.01.17 <\/b>Eine Gruppe Jugendliche laufen durch die Wiehre ( G\u00fcnterstalstra\u00dfe ) und br\u00fcllen Neonazi-Parolen. Quelle: http:\/\/www.badische-zeitung.de\/freiburg\/sind-jung-nazis-durch-die-freiburger-wiehre-marschiert<\/span><\/span><\/p>\n<p align=\"justify\"><span style=\"font-family: Liberation Serif;\"><span style=\"font-size: medium;\"><b>27.12.16 <\/b>B\u00f6llersch\u00fcsse aus einer Schreckschusspistole auf eine Gefl\u00fcchtetenunterkunft in der Kaiserstuhlstra\u00dfe. Betroffene erlitt eine leichte Brandverletzung. Quelle: http:\/\/www.badische-zeitung.de\/freiburg\/boellerschuesse-auf-fluechtlingsunterkunft-in-freiburg&#8211;131878897.html <\/span><\/span><\/p>\n<p align=\"justify\"><img decoding=\"async\" loading=\"lazy\" class=\"alignleft size-medium wp-image-5597\" src=\"https:\/\/www.antifaschistische-linke.de\/wp-content\/uploads\/1-JA-vor-dem-Amtsgericht-300x225.jpg\" alt=\"\" width=\"300\" height=\"225\" srcset=\"https:\/\/www.antifaschistische-linke.de\/wp-content\/uploads\/1-JA-vor-dem-Amtsgericht-300x225.jpg 300w, https:\/\/www.antifaschistische-linke.de\/wp-content\/uploads\/1-JA-vor-dem-Amtsgericht-1024x768.jpg 1024w, https:\/\/www.antifaschistische-linke.de\/wp-content\/uploads\/1-JA-vor-dem-Amtsgericht.jpg 1152w\" sizes=\"(max-width: 300px) 100vw, 300px\" \/> <img decoding=\"async\" loading=\"lazy\" class=\"alignleft size-medium wp-image-5598\" src=\"https:\/\/www.antifaschistische-linke.de\/wp-content\/uploads\/2-Seitz-in-Emmendingen-300x200.jpg\" alt=\"\" width=\"300\" height=\"200\" srcset=\"https:\/\/www.antifaschistische-linke.de\/wp-content\/uploads\/2-Seitz-in-Emmendingen-300x200.jpg 300w, https:\/\/www.antifaschistische-linke.de\/wp-content\/uploads\/2-Seitz-in-Emmendingen-1024x683.jpg 1024w\" sizes=\"(max-width: 300px) 100vw, 300px\" \/> <img decoding=\"async\" loading=\"lazy\" class=\"alignleft size-medium wp-image-5599\" src=\"https:\/\/www.antifaschistische-linke.de\/wp-content\/uploads\/3-Proteste-in-Z\u00e4hringen-300x200.jpg\" alt=\"\" width=\"300\" height=\"200\" srcset=\"https:\/\/www.antifaschistische-linke.de\/wp-content\/uploads\/3-Proteste-in-Z\u00e4hringen-300x200.jpg 300w, https:\/\/www.antifaschistische-linke.de\/wp-content\/uploads\/3-Proteste-in-Z\u00e4hringen-1024x683.jpg 1024w\" sizes=\"(max-width: 300px) 100vw, 300px\" \/> <img decoding=\"async\" loading=\"lazy\" class=\"alignleft size-medium wp-image-5600\" src=\"https:\/\/www.antifaschistische-linke.de\/wp-content\/uploads\/4-Absperrungen-Z\u00e4hringen-300x200.jpg\" alt=\"\" width=\"300\" height=\"200\" srcset=\"https:\/\/www.antifaschistische-linke.de\/wp-content\/uploads\/4-Absperrungen-Z\u00e4hringen-300x200.jpg 300w, https:\/\/www.antifaschistische-linke.de\/wp-content\/uploads\/4-Absperrungen-Z\u00e4hringen-1024x683.jpg 1024w\" sizes=\"(max-width: 300px) 100vw, 300px\" \/> <img decoding=\"async\" loading=\"lazy\" class=\"alignleft size-medium wp-image-5601\" src=\"https:\/\/www.antifaschistische-linke.de\/wp-content\/uploads\/5-JA-bei-Prozess-300x225.jpg\" alt=\"\" width=\"300\" height=\"225\" srcset=\"https:\/\/www.antifaschistische-linke.de\/wp-content\/uploads\/5-JA-bei-Prozess-300x225.jpg 300w, https:\/\/www.antifaschistische-linke.de\/wp-content\/uploads\/5-JA-bei-Prozess.jpg 1024w\" sizes=\"(max-width: 300px) 100vw, 300px\" \/> <img decoding=\"async\" loading=\"lazy\" class=\"alignleft size-medium wp-image-5602\" src=\"https:\/\/www.antifaschistische-linke.de\/wp-content\/uploads\/6-JA-bei-Prozess--300x197.jpeg\" alt=\"\" width=\"300\" height=\"197\" srcset=\"https:\/\/www.antifaschistische-linke.de\/wp-content\/uploads\/6-JA-bei-Prozess--300x197.jpeg 300w, https:\/\/www.antifaschistische-linke.de\/wp-content\/uploads\/6-JA-bei-Prozess-.jpeg 1024w\" sizes=\"(max-width: 300px) 100vw, 300px\" \/> <img decoding=\"async\" loading=\"lazy\" class=\"alignleft size-medium wp-image-5603\" src=\"https:\/\/www.antifaschistische-linke.de\/wp-content\/uploads\/7-Proteste-in-Breisach-300x225.jpg\" alt=\"\" width=\"300\" height=\"225\" srcset=\"https:\/\/www.antifaschistische-linke.de\/wp-content\/uploads\/7-Proteste-in-Breisach-300x225.jpg 300w, https:\/\/www.antifaschistische-linke.de\/wp-content\/uploads\/7-Proteste-in-Breisach-1024x768.jpg 1024w, https:\/\/www.antifaschistische-linke.de\/wp-content\/uploads\/7-Proteste-in-Breisach.jpg 2048w\" sizes=\"(max-width: 300px) 100vw, 300px\" \/> <img decoding=\"async\" loading=\"lazy\" class=\"alignleft size-medium wp-image-5604\" src=\"https:\/\/www.antifaschistische-linke.de\/wp-content\/uploads\/8-Proteste-in-Breisach-300x200.jpg\" alt=\"\" width=\"300\" height=\"200\" srcset=\"https:\/\/www.antifaschistische-linke.de\/wp-content\/uploads\/8-Proteste-in-Breisach-300x200.jpg 300w, https:\/\/www.antifaschistische-linke.de\/wp-content\/uploads\/8-Proteste-in-Breisach-1024x683.jpg 1024w\" sizes=\"(max-width: 300px) 100vw, 300px\" \/> <img decoding=\"async\" loading=\"lazy\" class=\"alignleft size-medium wp-image-5605\" src=\"https:\/\/www.antifaschistische-linke.de\/wp-content\/uploads\/9-AfD-eingekesselt-am-M\u00fcnsterplatz-300x184.jpg\" alt=\"\" width=\"300\" height=\"184\" srcset=\"https:\/\/www.antifaschistische-linke.de\/wp-content\/uploads\/9-AfD-eingekesselt-am-M\u00fcnsterplatz-300x184.jpg 300w, https:\/\/www.antifaschistische-linke.de\/wp-content\/uploads\/9-AfD-eingekesselt-am-M\u00fcnsterplatz-1024x628.jpg 1024w, https:\/\/www.antifaschistische-linke.de\/wp-content\/uploads\/9-AfD-eingekesselt-am-M\u00fcnsterplatz.jpg 1530w\" sizes=\"(max-width: 300px) 100vw, 300px\" \/> <img decoding=\"async\" loading=\"lazy\" class=\"alignleft size-medium wp-image-5606\" src=\"https:\/\/www.antifaschistische-linke.de\/wp-content\/uploads\/10-Florian-Stech-1.v.l.-und-Tim-L\u00f6ffelbein-3.v.l.-300x200.jpg\" alt=\"\" width=\"300\" height=\"200\" srcset=\"https:\/\/www.antifaschistische-linke.de\/wp-content\/uploads\/10-Florian-Stech-1.v.l.-und-Tim-L\u00f6ffelbein-3.v.l.-300x200.jpg 300w, https:\/\/www.antifaschistische-linke.de\/wp-content\/uploads\/10-Florian-Stech-1.v.l.-und-Tim-L\u00f6ffelbein-3.v.l.-1024x683.jpg 1024w, https:\/\/www.antifaschistische-linke.de\/wp-content\/uploads\/10-Florian-Stech-1.v.l.-und-Tim-L\u00f6ffelbein-3.v.l..jpg 1200w\" sizes=\"(max-width: 300px) 100vw, 300px\" \/> <img decoding=\"async\" loading=\"lazy\" class=\"alignleft size-medium wp-image-5607\" src=\"https:\/\/www.antifaschistische-linke.de\/wp-content\/uploads\/11-Aufmarsch-der-Piusbr\u00fcder-2014-300x229.jpeg\" alt=\"\" width=\"300\" height=\"229\" srcset=\"https:\/\/www.antifaschistische-linke.de\/wp-content\/uploads\/11-Aufmarsch-der-Piusbr\u00fcder-2014-300x229.jpeg 300w, https:\/\/www.antifaschistische-linke.de\/wp-content\/uploads\/11-Aufmarsch-der-Piusbr\u00fcder-2014.jpeg 1024w\" sizes=\"(max-width: 300px) 100vw, 300px\" \/><\/p>\n","protected":false},"excerpt":{"rendered":"<p>Im Dezember 2016 haben wir begonnen rechte Vorf\u00e4lle in Freiburg und Umgebung zu dokumentieren. Diese Chronik soll vor allem dazu dienen das Ausma\u00df und die H\u00e4ufigkeit dieser Vorf\u00e4lle festzustellen. Zudem erm\u00f6glicht sie eine l\u00e4ngerfristige Beobachtung der Entwicklung rechter Aktivit\u00e4ten. Dabei erheben wir kein Anspruch auf die Vollst\u00e4ndigkeit der Chronik und freuen uns \u00fcber Hinweise und [&hellip;]<\/p>\n","protected":false},"author":1,"featured_media":5610,"comment_status":"closed","ping_status":"closed","sticky":false,"template":"","format":"standard","meta":[],"categories":[1,820,317],"tags":[981,974,17,1006,13],"_links":{"self":[{"href":"https:\/\/www.antifaschistische-linke.de\/index.php?rest_route=\/wp\/v2\/posts\/5616"}],"collection":[{"href":"https:\/\/www.antifaschistische-linke.de\/index.php?rest_route=\/wp\/v2\/posts"}],"about":[{"href":"https:\/\/www.antifaschistische-linke.de\/index.php?rest_route=\/wp\/v2\/types\/post"}],"author":[{"embeddable":true,"href":"https:\/\/www.antifaschistische-linke.de\/index.php?rest_route=\/wp\/v2\/users\/1"}],"replies":[{"embeddable":true,"href":"https:\/\/www.antifaschistische-linke.de\/index.php?rest_route=%2Fwp%2Fv2%2Fcomments&post=5616"}],"version-history":[{"count":0,"href":"https:\/\/www.antifaschistische-linke.de\/index.php?rest_route=\/wp\/v2\/posts\/5616\/revisions"}],"wp:featuredmedia":[{"embeddable":true,"href":"https:\/\/www.antifaschistische-linke.de\/index.php?rest_route=\/wp\/v2\/media\/5610"}],"wp:attachment":[{"href":"https:\/\/www.antifaschistische-linke.de\/index.php?rest_route=%2Fwp%2Fv2%2Fmedia&parent=5616"}],"wp:term":[{"taxonomy":"category","embeddable":true,"href":"https:\/\/www.antifaschistische-linke.de\/index.php?rest_route=%2Fwp%2Fv2%2Fcategories&post=5616"},{"taxonomy":"post_tag","embeddable":true,"href":"https:\/\/www.antifaschistische-linke.de\/index.php?rest_route=%2Fwp%2Fv2%2Ftags&post=5616"}],"curies":[{"name":"wp","href":"https:\/\/api.w.org\/{rel}","templated":true}]}}