{"id":5645,"date":"2018-04-06T17:20:44","date_gmt":"2018-04-06T15:20:44","guid":{"rendered":"https:\/\/www.antifaschistische-linke.de\/?p=5645"},"modified":"2018-04-06T17:20:44","modified_gmt":"2018-04-06T15:20:44","slug":"kneipe-der-interventionistischen-linken","status":"publish","type":"post","link":"https:\/\/www.antifaschistische-linke.de\/?p=5645","title":{"rendered":"Kneipe der Interventionistischen Linken"},"content":{"rendered":"<p>Jeden 2. Freitag im Monat ab 21 Uhr: Die IL-Kneipe im <a href=\"http:\/\/www.liz-freiburg.org\">Linken Zentrum Freiburg <em>\u00a1adelante!<\/em><\/a>. Musik, Drinks und die Gelegenheit mit der <a href=\"http:\/\/interventionistische-linke.org\/\">Interventionistischen Linken<\/a> ins Gespr\u00e4ch zu kommen.<\/p>\n<p>&nbsp;<\/p>\n<p><strong>Was ist die Interventionistische Linke?<\/strong><\/p>\n<p style=\"text-align: justify;\">Die Interventionistische Linke ist ein Zusammenschluss linksradikaler Gruppen und Einzelpersonen aus der undogmatischen und emanzipatorischen Linken im deutschsprachigem Raum. Wir sind u.a. in sozialen, antirassistischen, feministischen und Klimak\u00e4mpfen aktiv und engagieren uns in den Bereichen Antifaschismus und Antikriegspolitik. Wir wollen eine Linke sein, die sich einmischt. Deshalb versuchen wir in all diese Auseinandersetzungen durch offene und breite B\u00fcndnispolitik unsere Positionen zu vermitteln und diese praktisch werden zu lassen.<\/p>\n<p style=\"text-align: justify;\">Wir wollen eine radikale Linke, die aktiv nicht nur gegen die Zumutungen und Grausamkeiten, sondern gegen den Kapitalismus insgesamt k\u00e4mpft, die dabei immer wieder neue Allianzen sucht, die Br\u00fcche vertieft und Chancen ergreift, die lieber Fehler macht und aus ihnen lernt, anstatt sich im Zynismus der reinen Kritik zu verlieren. Wir wollen eine radikale Linke, die auf den revolution\u00e4ren Bruch mit dem nationalen und dem globalen Kapitalismus, mit der Macht des b\u00fcrgerlichen Staates und allen Formen von Unterdr\u00fcckung, Entrechtung und Diskriminierung orientiert. Kurz: Wir wollen eine neue, gesellschaftliche radikale Linke, die um politische Hegemonie ringt und Gegenmacht organisiert.<\/p>\n<p style=\"text-align: justify;\">Mehr \u00fcber uns erfahrt ihr <a href=\"http:\/\/interventionistische-linke.org\/\">hier<\/a> oder in unserem <a href=\"http:\/\/interventionistische-linke.org\/positionen\/il-im-aufbruch-ein-zwischenstandspapier\">Zwischenstandspapier<\/a>.<\/p>\n","protected":false},"excerpt":{"rendered":"<p>Jeden 2. Freitag im Monat ab 21 Uhr: Die IL-Kneipe im Linken Zentrum Freiburg \u00a1adelante!. Musik, Drinks und die Gelegenheit mit der Interventionistischen Linken ins Gespr\u00e4ch zu kommen. &nbsp; Was ist die Interventionistische Linke? Die Interventionistische Linke ist ein Zusammenschluss linksradikaler Gruppen und Einzelpersonen aus der undogmatischen und emanzipatorischen Linken im deutschsprachigem Raum. Wir sind [&hellip;]<\/p>\n","protected":false},"author":1,"featured_media":5646,"comment_status":"closed","ping_status":"closed","sticky":false,"template":"","format":"standard","meta":[],"categories":[1],"tags":[],"_links":{"self":[{"href":"https:\/\/www.antifaschistische-linke.de\/index.php?rest_route=\/wp\/v2\/posts\/5645"}],"collection":[{"href":"https:\/\/www.antifaschistische-linke.de\/index.php?rest_route=\/wp\/v2\/posts"}],"about":[{"href":"https:\/\/www.antifaschistische-linke.de\/index.php?rest_route=\/wp\/v2\/types\/post"}],"author":[{"embeddable":true,"href":"https:\/\/www.antifaschistische-linke.de\/index.php?rest_route=\/wp\/v2\/users\/1"}],"replies":[{"embeddable":true,"href":"https:\/\/www.antifaschistische-linke.de\/index.php?rest_route=%2Fwp%2Fv2%2Fcomments&post=5645"}],"version-history":[{"count":0,"href":"https:\/\/www.antifaschistische-linke.de\/index.php?rest_route=\/wp\/v2\/posts\/5645\/revisions"}],"wp:featuredmedia":[{"embeddable":true,"href":"https:\/\/www.antifaschistische-linke.de\/index.php?rest_route=\/wp\/v2\/media\/5646"}],"wp:attachment":[{"href":"https:\/\/www.antifaschistische-linke.de\/index.php?rest_route=%2Fwp%2Fv2%2Fmedia&parent=5645"}],"wp:term":[{"taxonomy":"category","embeddable":true,"href":"https:\/\/www.antifaschistische-linke.de\/index.php?rest_route=%2Fwp%2Fv2%2Fcategories&post=5645"},{"taxonomy":"post_tag","embeddable":true,"href":"https:\/\/www.antifaschistische-linke.de\/index.php?rest_route=%2Fwp%2Fv2%2Ftags&post=5645"}],"curies":[{"name":"wp","href":"https:\/\/api.w.org\/{rel}","templated":true}]}}