{"id":5700,"date":"2018-05-28T22:04:00","date_gmt":"2018-05-28T20:04:00","guid":{"rendered":"https:\/\/www.antifaschistische-linke.de\/?p=5700"},"modified":"2018-05-30T16:44:46","modified_gmt":"2018-05-30T14:44:46","slug":"gegen-repression-fuer-eine-demokratische-perspektive-in-der-tuerkei","status":"publish","type":"post","link":"https:\/\/www.antifaschistische-linke.de\/?p=5700","title":{"rendered":"Gegen Repression hier &#8211; F\u00fcr eine demokratische Perspektive in der T\u00fcrkei"},"content":{"rendered":"<p>Gemeinsam wollen wir der Kriminalisierung der kurdischen Linken und ihrer Symphatisant_innen etwas entgegensetzen. Mit unseren kurdischen Genoss_innen gehen wir am Samstag, 2. Juni, gegen Repression und f\u00fcr eine demokratische Perspektive in der T\u00fcrkei auf die Stra\u00dfe.<\/p>\n<p>Der Versuch im Nachgang des 1. Mai in Freiburg aufgrund des Verdachts ein PKK-Symbol entrollt zu haben, die DNA eines Aktivisten abzunehmen, bildet das j\u00fcngste lokale Ereignis bundesweit stattfindender Repression.<br \/>\nW\u00e4hrenddessen setzt Erdogan in der T\u00fcrkei sein autorit\u00e4res Projekt um und f\u00fchrt mithilfe deutscher Waffen Krieg gegen die Kurd_innen vor Ort.<\/p>\n<p>Aufruf von YXK Freiburg<br \/>\n(Verband der Studierenden aus Kurdistan e.V.):<\/p>\n<p>\u201eWir die YXK Verband der Studierenden aus Kurdistan in Freiburg laden alle solidarischen Gruppen und Einzelpersonen ein an der Demonstration am 2. Juni in Freiburg sich zu beteiligen. Die Demonstration richtet sich gegen die aktuelle Repressionspolitik hier in Freiburg (https:\/\/anfdeutsch.com\/aktuelles\/freiburg-protest-gegen-dna-abgabe-wegen-pkk-banner-4549) und hin zu den Wahlen f\u00fcr eine demokratische Perspektive in der T\u00fcrkei. Jede\/r ist eingeladen sich durch Redebeitr\u00e4ge und eigenen Farben zu beteiligen. Schreibt uns f\u00fcr eine gemeinsame Absprache der Redebeitr\u00e4ge und des Demonstrationsverlaufs.<\/p>\n<p>Gegen Repression:<\/p>\n<p>Jegliche Repression gegen uns in dieser Phase voller Krisen weltweit, wie auch dem Indymedia-Verbot oder die Zuschreibung von Eigenschaften, wie \u201elinksextremistisch\u201c in einem Atemzug mit \u201eterroristisch\u201c, wie geschehen in Hamburg zu dem G20 Gipfel ist klar ein Mittel der Macht gegen uns. Wir, die wir uns f\u00fcr gesellschaftliche Alternativen einsetzen, sollen von der Gesellschaft abgespalten und nichtig gemacht werden. Wir sollen als gef\u00e4hrlich und verwerflich angesehen werden, so dass wir unsichtbar und isoliert werden. Wir sollen zu Machtlosen werden, die nie selbst in der Lage sein k\u00f6nnen gesellschaftliche Ver\u00e4nderung auszu\u00fcben. Wir sollen zu Machtlosen werden, die Anforderungen unter Androhung von Repression befolgen m\u00fcssen. Das Verbot von Medien und unsere Symbolen kommt der Ausl\u00f6schung einer Gegen\u00f6ffentlichkeit zu den herrschenden neoliberalen, kapitalistischen Werten gleich. Die Vielfalt linker, fortschrittlicher Meinungen sollen zunehmend marginalisiert werden. Unsere K\u00e4mpfe gegen die Verbote und f\u00fcr eine gemeinsame starke Solidarit\u00e4t erweitern unsere politischen Handlungsspielr\u00e4ume. Lasst uns am 2. Juni miteinander solidarisch handeln und gemeinsam eine Alternative auf die Stra\u00dfen Freiburgs tragen. Wir werden niemanden alleine lassen, wir werden uns nicht einsch\u00fcchtern oder spalten lassen und zeigen unsere Solidarit\u00e4t mit dem betroffenen Genossen. Lasst uns gemeinsam auf die Stra\u00dfe gehen.<\/p>\n<p>F\u00fcr eine demokratische Perspektive in der T\u00fcrkei:<\/p>\n<p>In der T\u00fcrkei wird die Gesellschaft zunehmend durch nationalistische und religi\u00f6se Werte gespalten und schwach gehalten. Der t\u00fcrkische Staat zerst\u00f6rt zunehmend alle M\u00f6glichkeiten eines friedlichen Protestes. Alle westlichen Staaten, die das Vorgehen Erdogans durch milit\u00e4rische, politische und wirtschaftliche Zusammenarbeit erm\u00f6glichen, machen sich mitschuldig. So liefert Deutschland neben Schusswaffen von Heckler und Koch, LKWs und Unimocks von Mercedes, Bundeswehr Bergepanzer, Motoren von MTU und Renk auch Leopard II Panzer in die T\u00fcrkei. Hier in der Northrop Grumman LITEF GmbH in Freiburg werden Steuerungseinheiten genau f\u00fcr diesen Panzer produziert. Die Firma geh\u00f6rt zu dem viertgr\u00f6\u00dften Waffenexpoteuer der Welt. Diese Firma tr\u00e4gt somit eine klare Mitschuld an dem Tod einer Vielzahl von unschuldigen Menschen weltweit. Heute mit einer sich st\u00e4rkenden Rechten in Europa m\u00fcssen wir klar jeden Faschismus bennenen dagegen einstehen. So f\u00fcrchten wir nicht die R\u00fcckkehr der Faschisten in der Maske der Faschisten, sondern die R\u00fcckkehr der Faschisten in der Maske der Demokraten. Dies zeigt sich an Gesetzesversch\u00e4rfungen in der T\u00fcrkei, wie die Aufhebung der Immunit\u00e4t der HDP Abgeordneten, eine Straffreiheit f\u00fcr Vergewaltigungen und Ermordung durch Paramilit\u00e4rs an Kritikern des t\u00fcrkischen Staatspr\u00e4sidenten. Auch in Deutschland wurde vor Kurzem in Bayern ein neues Polizeiaufgabengesetz erlassen und in Baden-W\u00fcttenberg herrschen mit die strengsten Polizeigesetze.\u201c<\/p>\n","protected":false},"excerpt":{"rendered":"<p>Gemeinsam wollen wir der Kriminalisierung der kurdischen Linken und ihrer Symphatisant_innen etwas entgegensetzen. Mit unseren kurdischen Genoss_innen gehen wir am Samstag, 2. Juni, gegen Repression und f\u00fcr eine demokratische Perspektive in der T\u00fcrkei auf die Stra\u00dfe. Der Versuch im Nachgang des 1. Mai in Freiburg aufgrund des Verdachts ein PKK-Symbol entrollt zu haben, die DNA [&hellip;]<\/p>\n","protected":false},"author":1,"featured_media":5708,"comment_status":"closed","ping_status":"closed","sticky":false,"template":"","format":"standard","meta":[],"categories":[10,8,6,7],"tags":[424,127,882,28,193,881,12,18],"_links":{"self":[{"href":"https:\/\/www.antifaschistische-linke.de\/index.php?rest_route=\/wp\/v2\/posts\/5700"}],"collection":[{"href":"https:\/\/www.antifaschistische-linke.de\/index.php?rest_route=\/wp\/v2\/posts"}],"about":[{"href":"https:\/\/www.antifaschistische-linke.de\/index.php?rest_route=\/wp\/v2\/types\/post"}],"author":[{"embeddable":true,"href":"https:\/\/www.antifaschistische-linke.de\/index.php?rest_route=\/wp\/v2\/users\/1"}],"replies":[{"embeddable":true,"href":"https:\/\/www.antifaschistische-linke.de\/index.php?rest_route=%2Fwp%2Fv2%2Fcomments&post=5700"}],"version-history":[{"count":0,"href":"https:\/\/www.antifaschistische-linke.de\/index.php?rest_route=\/wp\/v2\/posts\/5700\/revisions"}],"wp:featuredmedia":[{"embeddable":true,"href":"https:\/\/www.antifaschistische-linke.de\/index.php?rest_route=\/wp\/v2\/media\/5708"}],"wp:attachment":[{"href":"https:\/\/www.antifaschistische-linke.de\/index.php?rest_route=%2Fwp%2Fv2%2Fmedia&parent=5700"}],"wp:term":[{"taxonomy":"category","embeddable":true,"href":"https:\/\/www.antifaschistische-linke.de\/index.php?rest_route=%2Fwp%2Fv2%2Fcategories&post=5700"},{"taxonomy":"post_tag","embeddable":true,"href":"https:\/\/www.antifaschistische-linke.de\/index.php?rest_route=%2Fwp%2Fv2%2Ftags&post=5700"}],"curies":[{"name":"wp","href":"https:\/\/api.w.org\/{rel}","templated":true}]}}