{"id":5736,"date":"2018-07-05T00:23:38","date_gmt":"2018-07-04T22:23:38","guid":{"rendered":"https:\/\/www.antifaschistische-linke.de\/?p=5736"},"modified":"2018-07-08T18:26:54","modified_gmt":"2018-07-08T16:26:54","slug":"alles-anders-im-juli-1-jahr-nach-g20-kein-ende-der-gewalt","status":"publish","type":"post","link":"https:\/\/www.antifaschistische-linke.de\/?p=5736","title":{"rendered":"Alles Anders! im Juli: 1 Jahr nach G20 &#8211; (K)ein Ende der Gewalt?"},"content":{"rendered":"<p>Der G20 Gipfel war eines der wichtigsten politischen Gro\u00dfereignisse 2017. Die Erinnerung ruft so manches Bild hervor: Regierungschef_innen, die in der Elbphilharmonie Beethoven lauschen, w\u00e4hrend auf Hamburgs Stra\u00dfen Ausnahmezustand herrscht; Momente der Solidarit\u00e4t w\u00e4hrend die Auftaktdemonstration \u201eWelcome to Hell\u201c auseinander gepr\u00fcgelt wird. Wir denken an Zusammenhalt und Aufbegehren, aber auch an die Angst vor staatlicher Repression. Die Tage in Hamburg waren gefolgt von einer massiven Diffamierung der Proteste, heftigen Diskussionen um Militanz und Forderungen nach weitreichenderen Befugnissen der Polizei. Produkt dessen sind wom\u00f6glich auch die j\u00fcngst eingef\u00fchrten Polizeigesetze in NRW und Bayern. Wir fragen uns, was bleibt ein Jahr nach G20 und wollen dar\u00fcber mit euch diskutieren. Und danach geht es mit der <a href=\"https:\/\/www.antifaschistische-linke.de\/?p=5645\">IL-Kneipe<\/a> weiter.<\/p>\n<p><strong>Freitag, 13.07. | 18.3<\/strong><strong>0h | Linkes Zentrum\u00a0\u00a1adelante! (Gl\u00fcmerstr. 2)<\/strong><\/p>\n<p><strong>Was ist \u00bbAlles ander<\/strong><strong>s!\u00ab?<\/strong><br \/>\n\u00bbAlles anders!\u00ab ist ein offener Gespr\u00e4chsabend mit der Antifaschistischen Linken Freiburg (IL). In entspannter Atmosph\u00e4re wollen wir uns \u00fcber aktuelle politische Themen, Strategien und Handlungsalternativen austauschen. Dabei steht jeder Abend unter einem thematischen Schwerpunkt \u2013 vom Aufstieg der AfD \u00fcber Klimak\u00e4mpfe bis hin zur Frage, warum wir noch immer im Kapitalismus leben. Egal, ob ihr nur reinschnuppern, einen geselligen Abend verbringen oder mitdiskutieren wollt \u2013 jede_r ist herzlich willkommen. Wir freuen uns auf euch!<img decoding=\"async\" loading=\"lazy\" class=\"alignleft size-medium wp-image-5734\" src=\"https:\/\/www.antifaschistische-linke.de\/wp-content\/uploads\/g20-215x300.jpg\" alt=\"\" width=\"215\" height=\"300\" srcset=\"https:\/\/www.antifaschistische-linke.de\/wp-content\/uploads\/g20-215x300.jpg 215w, https:\/\/www.antifaschistische-linke.de\/wp-content\/uploads\/g20.jpg 600w\" sizes=\"(max-width: 215px) 100vw, 215px\" \/><\/p>\n","protected":false},"excerpt":{"rendered":"<p>Der G20 Gipfel war eines der wichtigsten politischen Gro\u00dfereignisse 2017. Die Erinnerung ruft so manches Bild hervor: Regierungschef_innen, die in der Elbphilharmonie Beethoven lauschen, w\u00e4hrend auf Hamburgs Stra\u00dfen Ausnahmezustand herrscht; Momente der Solidarit\u00e4t w\u00e4hrend die Auftaktdemonstration \u201eWelcome to Hell\u201c auseinander gepr\u00fcgelt wird. Wir denken an Zusammenhalt und Aufbegehren, aber auch an die Angst vor staatlicher [&hellip;]<\/p>\n","protected":false},"author":1,"featured_media":5734,"comment_status":"closed","ping_status":"closed","sticky":false,"template":"","format":"standard","meta":[],"categories":[969,8,7,11],"tags":[970,934],"_links":{"self":[{"href":"https:\/\/www.antifaschistische-linke.de\/index.php?rest_route=\/wp\/v2\/posts\/5736"}],"collection":[{"href":"https:\/\/www.antifaschistische-linke.de\/index.php?rest_route=\/wp\/v2\/posts"}],"about":[{"href":"https:\/\/www.antifaschistische-linke.de\/index.php?rest_route=\/wp\/v2\/types\/post"}],"author":[{"embeddable":true,"href":"https:\/\/www.antifaschistische-linke.de\/index.php?rest_route=\/wp\/v2\/users\/1"}],"replies":[{"embeddable":true,"href":"https:\/\/www.antifaschistische-linke.de\/index.php?rest_route=%2Fwp%2Fv2%2Fcomments&post=5736"}],"version-history":[{"count":0,"href":"https:\/\/www.antifaschistische-linke.de\/index.php?rest_route=\/wp\/v2\/posts\/5736\/revisions"}],"wp:featuredmedia":[{"embeddable":true,"href":"https:\/\/www.antifaschistische-linke.de\/index.php?rest_route=\/wp\/v2\/media\/5734"}],"wp:attachment":[{"href":"https:\/\/www.antifaschistische-linke.de\/index.php?rest_route=%2Fwp%2Fv2%2Fmedia&parent=5736"}],"wp:term":[{"taxonomy":"category","embeddable":true,"href":"https:\/\/www.antifaschistische-linke.de\/index.php?rest_route=%2Fwp%2Fv2%2Fcategories&post=5736"},{"taxonomy":"post_tag","embeddable":true,"href":"https:\/\/www.antifaschistische-linke.de\/index.php?rest_route=%2Fwp%2Fv2%2Ftags&post=5736"}],"curies":[{"name":"wp","href":"https:\/\/api.w.org\/{rel}","templated":true}]}}