{"id":5759,"date":"2018-07-14T20:34:47","date_gmt":"2018-07-14T18:34:47","guid":{"rendered":"https:\/\/www.antifaschistische-linke.de\/?p=5759"},"modified":"2018-07-14T20:36:22","modified_gmt":"2018-07-14T18:36:22","slug":"pm-zur-demonstration-kein-schlussstrich-in-freiburg","status":"publish","type":"post","link":"https:\/\/www.antifaschistische-linke.de\/?p=5759","title":{"rendered":"PM zur Demonstration \u201eKein Schlussstrich!\u201c in Freiburg"},"content":{"rendered":"<p class=\"western\">Demonstration \u201eKein Schlussstrich!\u201c in Freiburg.<\/p>\n<p class=\"western\">Am heutigen Tag, den 14.07.2018, um 16 Uhr fand die Demonstration &#8222;Kein Schlussstrich!&#8220; in Freiburg statt. \u00dcber 400 Demonstrant_innen zogen durch die Innenstadt und forderten lautstark die vollst\u00e4ndige Aufkl\u00e4rung und Aufl\u00f6sung des NSU-Komplexes. Symbolisch wurden \u201egeschredderte NSU-Akten\u201c vor dem Polizeirevier ausgeleert.<\/p>\n<p class=\"western\">In verschiedenen Redebeitr\u00e4gen wurde thematisiert, dass auch mit dem Ende des NSU-Prozess nach 5 Jahren keine wirkliche Aufkl\u00e4rung stattgefunden hat. Auf die unterst\u00fctzende Rolle des Verfassungsschutzes mit seinen V-Leuten in n\u00e4chster N\u00e4he zum Kern-Trio des NSU und das breite Unterst\u00fctzer_innen-Netzwerk aus Nazis, die nie auf der Anklagebank gelandet sind, wurde ebenfalls wiederholt aufmerksam gemacht.<\/p>\n<p class=\"western\"><img decoding=\"async\" loading=\"lazy\" class=\"alignleft size-medium wp-image-5761\" src=\"https:\/\/www.antifaschistische-linke.de\/wp-content\/uploads\/keinschlussstrich18-300x199.jpg\" alt=\"\" width=\"300\" height=\"199\" srcset=\"https:\/\/www.antifaschistische-linke.de\/wp-content\/uploads\/keinschlussstrich18-300x199.jpg 300w, https:\/\/www.antifaschistische-linke.de\/wp-content\/uploads\/keinschlussstrich18-1024x681.jpg 1024w\" sizes=\"(max-width: 300px) 100vw, 300px\" \/><\/p>\n<p class=\"western\">Nils Bornstedt von der Antifaschistischen Linken Freiburg (IL): \u201eAuch nach f\u00fcnf Jahren NSU-Prozess, bleiben mehr Fragen als Antworten. Die Bundesanwaltschaft hat bis zum Ende des Prozesses den Mythos vom Terror-Trio aufrechterhalten hat. Sie hat die Aufkl\u00e4rung \u00fcber das Terrornetzwerk verhindert und die staatliche Beteiligung vertuscht.\u201c<\/p>\n<p class=\"western\">Eine weitere, nicht ausreichend aufgekl\u00e4rte Frage f\u00fcr die Demonstrant_innen bleibt der institutionelle Rassismus. Die Ermittlungen der Polizei gegen die Angeh\u00f6rigen der Opfer, machten diese zu den vermeintlichen T\u00e4ter_innen. Obwohl es genug Hinweise gab ermittelten die Beamt_innen nie in der rechten Szene, sondern folgten lediglich rassistischen Stereotypen, die von der Presse unhinterfragt aufgegriffen und verbreitet wurden.<\/p>\n<p class=\"western\">Konsequenterweise waren die zentralen Forderungen die vollst\u00e4ndige Aufkl\u00e4rung des NSU-Komplex, die Abschaffung des Verfassungsschutzes sowie die Bek\u00e4mpfung des gesellschaftlichen und institutionellen Rassismus.<\/p>\n<p class=\"western\"><img decoding=\"async\" loading=\"lazy\" class=\"alignleft size-medium wp-image-5762\" src=\"https:\/\/www.antifaschistische-linke.de\/wp-content\/uploads\/keinschlussstrich26-300x200.jpg\" alt=\"\" width=\"300\" height=\"200\" srcset=\"https:\/\/www.antifaschistische-linke.de\/wp-content\/uploads\/keinschlussstrich26-300x200.jpg 300w, https:\/\/www.antifaschistische-linke.de\/wp-content\/uploads\/keinschlussstrich26-1024x683.jpg 1024w\" sizes=\"(max-width: 300px) 100vw, 300px\" \/><img decoding=\"async\" loading=\"lazy\" class=\"alignleft size-medium wp-image-5763\" src=\"https:\/\/www.antifaschistische-linke.de\/wp-content\/uploads\/keinschlussstrich30-300x200.jpg\" alt=\"\" width=\"300\" height=\"200\" srcset=\"https:\/\/www.antifaschistische-linke.de\/wp-content\/uploads\/keinschlussstrich30-300x200.jpg 300w, https:\/\/www.antifaschistische-linke.de\/wp-content\/uploads\/keinschlussstrich30-1024x683.jpg 1024w\" sizes=\"(max-width: 300px) 100vw, 300px\" \/><img decoding=\"async\" loading=\"lazy\" class=\"alignleft size-medium wp-image-5764\" src=\"https:\/\/www.antifaschistische-linke.de\/wp-content\/uploads\/keinschlussstrich19-300x199.jpg\" alt=\"\" width=\"300\" height=\"199\" srcset=\"https:\/\/www.antifaschistische-linke.de\/wp-content\/uploads\/keinschlussstrich19-300x199.jpg 300w, https:\/\/www.antifaschistische-linke.de\/wp-content\/uploads\/keinschlussstrich19-1024x681.jpg 1024w\" sizes=\"(max-width: 300px) 100vw, 300px\" \/><\/p>\n<p class=\"western\">\n","protected":false},"excerpt":{"rendered":"<p>Demonstration \u201eKein Schlussstrich!\u201c in Freiburg. Am heutigen Tag, den 14.07.2018, um 16 Uhr fand die Demonstration &#8222;Kein Schlussstrich!&#8220; in Freiburg statt. \u00dcber 400 Demonstrant_innen zogen durch die Innenstadt und forderten lautstark die vollst\u00e4ndige Aufkl\u00e4rung und Aufl\u00f6sung des NSU-Komplexes. Symbolisch wurden \u201egeschredderte NSU-Akten\u201c vor dem Polizeirevier ausgeleert. In verschiedenen Redebeitr\u00e4gen wurde thematisiert, dass auch mit dem [&hellip;]<\/p>\n","protected":false},"author":1,"featured_media":5760,"comment_status":"closed","ping_status":"closed","sticky":false,"template":"","format":"standard","meta":[],"categories":[10,1,820],"tags":[17,28,13,1010,1009,279],"_links":{"self":[{"href":"https:\/\/www.antifaschistische-linke.de\/index.php?rest_route=\/wp\/v2\/posts\/5759"}],"collection":[{"href":"https:\/\/www.antifaschistische-linke.de\/index.php?rest_route=\/wp\/v2\/posts"}],"about":[{"href":"https:\/\/www.antifaschistische-linke.de\/index.php?rest_route=\/wp\/v2\/types\/post"}],"author":[{"embeddable":true,"href":"https:\/\/www.antifaschistische-linke.de\/index.php?rest_route=\/wp\/v2\/users\/1"}],"replies":[{"embeddable":true,"href":"https:\/\/www.antifaschistische-linke.de\/index.php?rest_route=%2Fwp%2Fv2%2Fcomments&post=5759"}],"version-history":[{"count":0,"href":"https:\/\/www.antifaschistische-linke.de\/index.php?rest_route=\/wp\/v2\/posts\/5759\/revisions"}],"wp:featuredmedia":[{"embeddable":true,"href":"https:\/\/www.antifaschistische-linke.de\/index.php?rest_route=\/wp\/v2\/media\/5760"}],"wp:attachment":[{"href":"https:\/\/www.antifaschistische-linke.de\/index.php?rest_route=%2Fwp%2Fv2%2Fmedia&parent=5759"}],"wp:term":[{"taxonomy":"category","embeddable":true,"href":"https:\/\/www.antifaschistische-linke.de\/index.php?rest_route=%2Fwp%2Fv2%2Fcategories&post=5759"},{"taxonomy":"post_tag","embeddable":true,"href":"https:\/\/www.antifaschistische-linke.de\/index.php?rest_route=%2Fwp%2Fv2%2Ftags&post=5759"}],"curies":[{"name":"wp","href":"https:\/\/api.w.org\/{rel}","templated":true}]}}