{"id":5779,"date":"2018-09-22T20:04:58","date_gmt":"2018-09-22T18:04:58","guid":{"rendered":"https:\/\/www.antifaschistische-linke.de\/?p=5779"},"modified":"2018-10-05T10:11:41","modified_gmt":"2018-10-05T08:11:41","slug":"freiburg-goes-kandel","status":"publish","type":"post","link":"https:\/\/www.antifaschistische-linke.de\/?p=5779","title":{"rendered":"Freiburg goes Kandel! Antifaschistische Demonstration am 6.10"},"content":{"rendered":"<p><strong>#Zusammenstehen gegen rechte Hetze in Kandel!<\/strong><\/p>\n<p><em>Kommt mit uns am 6.10 nach Kandel, um gegen die erneute Demo des rechten &#8222;Frauenb\u00fcndnisses Kandel&#8220; zu protestieren und die lokalen antifaschistischen Proteste zu unterst\u00fctzen!<\/em><strong><br \/>\nZugtreffpunkt: 8:45 Uhr, Gl. 2<\/strong><\/p>\n<p>Bereits zum 14. Mal folgen hunderte Rechte dem landesweiten Aufruf des Frauenb\u00fcndnis Kandel um im s\u00fcdpfl\u00e4zischen Kandel aufzumarschieren.<br \/>\nSeit Januar wird der gewaltsame Tod einer 15-J\u00e4hrigen von den Rechten f\u00fcr ihre rassistische Hetze instrumentalisiert.Wir reisen gemeinsam von Freiburg aus zur Demonstration des B\u00fcndnisses &#8222;Kandel gegen Rechts&#8220; an. Treffpunkt am Freiburger Hauptbahnhof ist um 8:45 Uhr auf Gleis 2.<\/p>\n","protected":false},"excerpt":{"rendered":"<p>#Zusammenstehen gegen rechte Hetze in Kandel! Kommt mit uns am 6.10 nach Kandel, um gegen die erneute Demo des rechten &#8222;Frauenb\u00fcndnisses Kandel&#8220; zu protestieren und die lokalen antifaschistischen Proteste zu unterst\u00fctzen! Zugtreffpunkt: 8:45 Uhr, Gl. 2 Bereits zum 14. Mal folgen hunderte Rechte dem landesweiten Aufruf des Frauenb\u00fcndnis Kandel um im s\u00fcdpfl\u00e4zischen Kandel aufzumarschieren. Seit [&hellip;]<\/p>\n","protected":false},"author":1,"featured_media":5589,"comment_status":"closed","ping_status":"closed","sticky":false,"template":"","format":"standard","meta":[],"categories":[1],"tags":[17,1004],"_links":{"self":[{"href":"https:\/\/www.antifaschistische-linke.de\/index.php?rest_route=\/wp\/v2\/posts\/5779"}],"collection":[{"href":"https:\/\/www.antifaschistische-linke.de\/index.php?rest_route=\/wp\/v2\/posts"}],"about":[{"href":"https:\/\/www.antifaschistische-linke.de\/index.php?rest_route=\/wp\/v2\/types\/post"}],"author":[{"embeddable":true,"href":"https:\/\/www.antifaschistische-linke.de\/index.php?rest_route=\/wp\/v2\/users\/1"}],"replies":[{"embeddable":true,"href":"https:\/\/www.antifaschistische-linke.de\/index.php?rest_route=%2Fwp%2Fv2%2Fcomments&post=5779"}],"version-history":[{"count":0,"href":"https:\/\/www.antifaschistische-linke.de\/index.php?rest_route=\/wp\/v2\/posts\/5779\/revisions"}],"wp:featuredmedia":[{"embeddable":true,"href":"https:\/\/www.antifaschistische-linke.de\/index.php?rest_route=\/wp\/v2\/media\/5589"}],"wp:attachment":[{"href":"https:\/\/www.antifaschistische-linke.de\/index.php?rest_route=%2Fwp%2Fv2%2Fmedia&parent=5779"}],"wp:term":[{"taxonomy":"category","embeddable":true,"href":"https:\/\/www.antifaschistische-linke.de\/index.php?rest_route=%2Fwp%2Fv2%2Fcategories&post=5779"},{"taxonomy":"post_tag","embeddable":true,"href":"https:\/\/www.antifaschistische-linke.de\/index.php?rest_route=%2Fwp%2Fv2%2Ftags&post=5779"}],"curies":[{"name":"wp","href":"https:\/\/api.w.org\/{rel}","templated":true}]}}