{"id":5843,"date":"2018-10-29T10:19:48","date_gmt":"2018-10-29T09:19:48","guid":{"rendered":"https:\/\/www.antifaschistische-linke.de\/?p=5843"},"modified":"2018-10-29T10:27:57","modified_gmt":"2018-10-29T09:27:57","slug":"alles-anders-digital-in-die-befreite-gesellschaft","status":"publish","type":"post","link":"https:\/\/www.antifaschistische-linke.de\/?p=5843","title":{"rendered":"Alles Anders! &#8211; Digital in die befreite Gesellschaft!?"},"content":{"rendered":"<p style=\"text-align: left;\"><strong>Alles Anders &#8211; Digital in die befreite Gesellschaft!?<\/strong><br \/>\n<strong>Offener Gespr\u00e4chsabend \u00fcber Digitalisierung, Kapitalismus und Revolution mit der Antifaschistischen Linken Freiburg (IL)<\/strong><\/p>\n<p style=\"text-align: left;\"><strong>Fr. 09.11. | 18:30 Uhr | Linkes Zentrum Freiburg<\/strong><\/p>\n<p style=\"text-align: justify;\"><img decoding=\"async\" loading=\"lazy\" class=\"alignleft size-medium wp-image-5798\" src=\"https:\/\/www.antifaschistische-linke.de\/wp-content\/uploads\/digi_online-215x300.jpg\" alt=\"\" width=\"215\" height=\"300\" \/>Smartphones, Internet &amp; Co ver\u00e4ndern die Art, wie wir leben und arbeiten. Eine Gesellschaft ohne Digitalisierung ist kaum mehr vorstellbar und der Entwicklung neuer Technologien scheinen heutzutage keine Grenzen gesetzt. So manche Wissenschaftler_innen und Politiker_innen behaupten sogar, dass sich mit der Digitalisierung die Widerspr\u00fcche unserer Zeit l\u00f6sen lassen. So soll mit Hilfe neuer Technologien Landwirtschaft effizienter betrieben und Entscheidungen demokratischer getroffen werden. Gleichzeitig l\u00e4sst sich mit digitalen Innovationen aber auch brutaler Krieg f\u00fchren und staatliche \u00dcberwachung ausbauen. Welche Rolle kann und soll Digitalisierung also in einer linken Perspektive einnehmen? Wir laden euch ein zur Diskussion \u00fcber den digitalen Kapitalismus und m\u00f6gliche Widerstandsperspektiven. Und danach: <a href=\"https:\/\/www.antifaschistische-linke.de\/?p=5645\">IL-Kneipe mit Kneipenquizz!<\/a><\/p>\n<p style=\"text-align: justify;\"><strong>Was ist \u00bbAlles ander<\/strong><strong>s!\u00ab?<\/strong><br \/>\n\u00bbAlles anders!\u00ab ist ein offener Gespr\u00e4chsabend mit der Antifaschistischen Linken Freiburg (IL). In entspannter Atmosph\u00e4re wollen wir uns \u00fcber aktuelle politische Themen, Strategien und Handlungsalternativen austauschen. Dabei steht jeder Abend unter einem thematischen Schwerpunkt \u2013 vom Aufstieg der AfD \u00fcber Klimak\u00e4mpfe bis hin zur Frage, warum wir noch immer im Kapitalismus leben. Egal, ob ihr nur reinschnuppern, einen geselligen Abend verbringen oder mitdiskutieren wollt \u2013 jede_r ist herzlich willkommen. Wir freuen uns auf euch!<\/p>\n","protected":false},"excerpt":{"rendered":"<p>Alles Anders &#8211; Digital in die befreite Gesellschaft!? Offener Gespr\u00e4chsabend \u00fcber Digitalisierung, Kapitalismus und Revolution mit der Antifaschistischen Linken Freiburg (IL) Fr. 09.11. | 18:30 Uhr | Linkes Zentrum Freiburg Smartphones, Internet &amp; Co ver\u00e4ndern die Art, wie wir leben und arbeiten. Eine Gesellschaft ohne Digitalisierung ist kaum mehr vorstellbar und der Entwicklung neuer Technologien [&hellip;]<\/p>\n","protected":false},"author":1,"featured_media":5798,"comment_status":"closed","ping_status":"closed","sticky":false,"template":"","format":"standard","meta":[],"categories":[969,1017,7,9,11],"tags":[970,1023,1013,13,36],"_links":{"self":[{"href":"https:\/\/www.antifaschistische-linke.de\/index.php?rest_route=\/wp\/v2\/posts\/5843"}],"collection":[{"href":"https:\/\/www.antifaschistische-linke.de\/index.php?rest_route=\/wp\/v2\/posts"}],"about":[{"href":"https:\/\/www.antifaschistische-linke.de\/index.php?rest_route=\/wp\/v2\/types\/post"}],"author":[{"embeddable":true,"href":"https:\/\/www.antifaschistische-linke.de\/index.php?rest_route=\/wp\/v2\/users\/1"}],"replies":[{"embeddable":true,"href":"https:\/\/www.antifaschistische-linke.de\/index.php?rest_route=%2Fwp%2Fv2%2Fcomments&post=5843"}],"version-history":[{"count":0,"href":"https:\/\/www.antifaschistische-linke.de\/index.php?rest_route=\/wp\/v2\/posts\/5843\/revisions"}],"wp:featuredmedia":[{"embeddable":true,"href":"https:\/\/www.antifaschistische-linke.de\/index.php?rest_route=\/wp\/v2\/media\/5798"}],"wp:attachment":[{"href":"https:\/\/www.antifaschistische-linke.de\/index.php?rest_route=%2Fwp%2Fv2%2Fmedia&parent=5843"}],"wp:term":[{"taxonomy":"category","embeddable":true,"href":"https:\/\/www.antifaschistische-linke.de\/index.php?rest_route=%2Fwp%2Fv2%2Fcategories&post=5843"},{"taxonomy":"post_tag","embeddable":true,"href":"https:\/\/www.antifaschistische-linke.de\/index.php?rest_route=%2Fwp%2Fv2%2Ftags&post=5843"}],"curies":[{"name":"wp","href":"https:\/\/api.w.org\/{rel}","templated":true}]}}